{"id":3206,"date":"2026-07-03T20:53:43","date_gmt":"2026-07-03T18:53:43","guid":{"rendered":"https:\/\/mediagoras.fr\/exemple\/?p=3206"},"modified":"2026-07-05T14:17:54","modified_gmt":"2026-07-05T12:17:54","slug":"temoignage-de-renaud","status":"publish","type":"post","link":"https:\/\/mediagoras.fr\/exemple\/2026\/07\/03\/temoignage-de-renaud\/","title":{"rendered":"T\u00e9moignage de Renaud"},"content":{"rendered":"[et_pb_section fb_built=\u00a0\u00bb1&Prime; _builder_version=\u00a0\u00bb4.27.6&Prime; _module_preset=\u00a0\u00bbdefault\u00a0\u00bb global_colors_info=\u00a0\u00bb{}\u00a0\u00bb][et_pb_row _builder_version=\u00a0\u00bb4.27.6&Prime; _module_preset=\u00a0\u00bbdefault\u00a0\u00bb global_colors_info=\u00a0\u00bb{}\u00a0\u00bb][et_pb_column type=\u00a0\u00bb4_4&Prime; _builder_version=\u00a0\u00bb4.27.6&Prime; _module_preset=\u00a0\u00bbdefault\u00a0\u00bb global_colors_info=\u00a0\u00bb{}\u00a0\u00bb][et_pb_text _builder_version=\u00a0\u00bb4.27.6&Prime; _module_preset=\u00a0\u00bbdefault\u00a0\u00bb global_colors_info=\u00a0\u00bb{}\u00a0\u00bb]Bonjour,<\/p>\n<p>J\u2019ai \u00e9t\u00e9 impact\u00e9 par des phobies sociales et de pens\u00e9es intrusives (une forme de TOC) \u00e0 partir de l\u2019adolescence. J\u2019ai rapidement commenc\u00e9 \u00e0 traiter ces angoisses avec l\u2019alcool; d\u2019abord en soci\u00e9t\u00e9, puis de mani\u00e8re quotidienne.<\/p>\n<p>Une habitude qui s\u2019installe rapidement et perdure; il m\u2019aura fallu de nombreuses ann\u00e9es avant de trouver le courage d\u2019arr\u00eater.<\/p>\n<p>Pour le sevrage, je me suis fait aider par mon m\u00e9decin traitant. J\u2019ai eu recours aux anxiolytiques un temps, je sais que depuis, il existe aussi des traitement plus efficaces qui d\u00e9goutent de l\u2019alcool. Une fois sevr\u00e9, apr\u00e8s quelques temps, j\u2019ai commis l\u2019erreur que beaucoup font : penser qu\u2019on va pouvoir recommencer \u00e0 boire avec mod\u00e9ration ; on reboit un verre de temps en temps et tr\u00e8s vite on vide une bouteille en un soir. Donc retour au sevrage, j\u2019ai fait deux rechutes avant d\u2019imprimer que la mod\u00e9ration ne sera pas possible.<\/p>\n<p>Pour ne pas rechuter:<\/p>\n<p>\u2013 D\u00e9j\u00e0, je connaissais la cause de mon alcoolisme : l\u2019anxi\u00e9t\u00e9, je buvais pour \u00e9teindre mon cerveau. C\u2019est une premiere \u00e9tape qui n\u2019est pas forcement \u00e9vidente pour tout le monde. L\u2019anxi\u00e9t\u00e9 et\/ou la d\u00e9pression sont les grands classiques mais quand on sait d\u2019o\u00f9 vient l\u2019addiction, on peut plus facilement s\u2019attaquer a sa cause. C\u2019est d\u2019ailleurs pour cette raison que je n\u2019ai pas trouv\u00e9 mon bonheur au sein des Alcooliques Anonymes, dont la doctrine pr\u00e9sente l\u2019addiction comme une force invisible presque mystique alors qu\u2019a mon avis, ce n\u2019est qu\u2019un sympt\u00f4me.<br \/>\n\u2013 La honte d\u2019\u00eatre alcoolique \u00e9tait aussi elle m\u00eame devenue une source d\u2019anxi\u00e9t\u00e9, donc une fois sevr\u00e9 et correctement m\u00e9dicament\u00e9, il s\u2019est form\u00e9 un cercle vertueux.<br \/>\n\u2013 Enfin, le souvenir des semaines d\u2019angoisse endur\u00e9es \u00e0 chaque sevrage m\u2019a motiv\u00e9 \u00e0 ne pas rechuter.<br \/>\n\u2013 C\u2019est au sein de M\u00e9diagora que j\u2019ai appris les d\u00e9finitions de la phobie sociale et des TOC, en \u00e9changant avec les autres. Jusque l\u00e0, je pensais \u00eatre le seul sur terre \u00e0 avoir ces angoisses. Du coup, j\u2019ai pu trouver un psychiatre et mieux expliquer mes probl\u00e9matiques. J\u2019ai commenc\u00e9 un traitement aux antid\u00e9presseurs qui a \u00e9t\u00e9 tr\u00e8s efficace.<\/p>\n<p>Pour ce qui est de l\u2019accompagnement, je fr\u00e9quente un forum de discutions https:\/\/www.reddit.com\/r\/stopdrinking\/ (en anglais) et <strong>M\u00e9diagora<\/strong>.<\/p>\n<p>Moralit\u00e9 : ne restez pas seul avec vos probl\u00e8mes d\u2019addictions.<br \/>\n[\/et_pb_text][\/et_pb_column][\/et_pb_row][\/et_pb_section]\n","protected":false},"excerpt":{"rendered":"<p>Bonjour, J\u2019ai \u00e9t\u00e9 impact\u00e9 par des phobies sociales et de pens\u00e9es intrusives (une forme de TOC) \u00e0 partir de l\u2019adolescence. J\u2019ai rapidement commenc\u00e9 \u00e0 traiter ces angoisses avec l\u2019alcool; d\u2019abord en soci\u00e9t\u00e9, puis de mani\u00e8re quotidienne. Une habitude qui s\u2019installe rapidement et perdure; il m\u2019aura fallu de nombreuses ann\u00e9es avant de trouver le courage d\u2019arr\u00eater. [&hellip;]<\/p>\n","protected":false},"author":38,"featured_media":3324,"comment_status":"open","ping_status":"open","sticky":false,"template":"","format":"standard","meta":{"_et_pb_use_builder":"on","_et_pb_old_content":"","_et_gb_content_width":"","footnotes":""},"categories":[15],"tags":[],"class_list":["post-3206","post","type-post","status-publish","format-standard","has-post-thumbnail","hentry","category-temoignages"],"yoast_head":"<!-- This site is optimized with the Yoast SEO plugin v28.3 - https:\/\/yoast.com\/product\/yoast-seo-wordpress\/ -->\n<title>T\u00e9moignage de Renaud - M\u00e9diagoras Lyon<\/title>\n<meta name=\"robots\" content=\"index, follow, max-snippet:-1, max-image-preview:large, max-video-preview:-1\" \/>\n<link rel=\"canonical\" href=\"https:\/\/mediagoras.fr\/exemple\/2026\/07\/03\/temoignage-de-renaud\/\" \/>\n<meta property=\"og:locale\" content=\"fr_FR\" \/>\n<meta property=\"og:type\" content=\"article\" \/>\n<meta property=\"og:title\" content=\"T\u00e9moignage de Renaud - M\u00e9diagoras Lyon\" \/>\n<meta property=\"og:description\" content=\"Bonjour, J\u2019ai \u00e9t\u00e9 impact\u00e9 par des phobies sociales et de pens\u00e9es intrusives (une forme de TOC) \u00e0 partir de l\u2019adolescence. J\u2019ai rapidement commenc\u00e9 \u00e0 traiter ces angoisses avec l\u2019alcool; d\u2019abord en soci\u00e9t\u00e9, puis de mani\u00e8re quotidienne. Une habitude qui s\u2019installe rapidement et perdure; il m\u2019aura fallu de nombreuses ann\u00e9es avant de trouver le courage d\u2019arr\u00eater. [&hellip;]\" \/>\n<meta property=\"og:url\" content=\"https:\/\/mediagoras.fr\/exemple\/2026\/07\/03\/temoignage-de-renaud\/\" \/>\n<meta property=\"og:site_name\" content=\"M\u00e9diagoras Lyon\" \/>\n<meta property=\"article:published_time\" content=\"2026-07-03T18:53:43+00:00\" \/>\n<meta property=\"article:modified_time\" content=\"2026-07-05T12:17:54+00:00\" \/>\n<meta property=\"og:image\" content=\"http:\/\/mediagoras.fr\/exemple\/files\/2026\/07\/Temoignage-de-Renaud.jpg\" \/>\n\t<meta property=\"og:image:width\" content=\"1500\" \/>\n\t<meta property=\"og:image:height\" content=\"857\" \/>\n\t<meta property=\"og:image:type\" content=\"image\/jpeg\" \/>\n<meta name=\"author\" content=\"M\u00e9diagora Lyon\" \/>\n<meta name=\"twitter:card\" content=\"summary_large_image\" \/>\n<meta name=\"twitter:label1\" content=\"\u00c9crit par\" \/>\n\t<meta name=\"twitter:data1\" content=\"M\u00e9diagora Lyon\" \/>\n\t<meta name=\"twitter:label2\" content=\"Dur\u00e9e de lecture estim\u00e9e\" \/>\n\t<meta name=\"twitter:data2\" content=\"3 minutes\" \/>\n<script type=\"application\/ld+json\" class=\"yoast-schema-graph\">{\"@context\":\"https:\\\/\\\/schema.org\",\"@graph\":[{\"@type\":\"Article\",\"@id\":\"https:\\\/\\\/mediagoras.fr\\\/exemple\\\/2026\\\/07\\\/03\\\/temoignage-de-renaud\\\/#article\",\"isPartOf\":{\"@id\":\"https:\\\/\\\/mediagoras.fr\\\/exemple\\\/2026\\\/07\\\/03\\\/temoignage-de-renaud\\\/\"},\"author\":{\"name\":\"M\u00e9diagora Lyon\",\"@id\":\"https:\\\/\\\/mediagoras.fr\\\/exemple\\\/#\\\/schema\\\/person\\\/b1dca128dd8d4a1ccdf6fc4cdf405c4d\"},\"headline\":\"T\u00e9moignage de Renaud\",\"datePublished\":\"2026-07-03T18:53:43+00:00\",\"dateModified\":\"2026-07-05T12:17:54+00:00\",\"mainEntityOfPage\":{\"@id\":\"https:\\\/\\\/mediagoras.fr\\\/exemple\\\/2026\\\/07\\\/03\\\/temoignage-de-renaud\\\/\"},\"wordCount\":493,\"commentCount\":0,\"image\":{\"@id\":\"https:\\\/\\\/mediagoras.fr\\\/exemple\\\/2026\\\/07\\\/03\\\/temoignage-de-renaud\\\/#primaryimage\"},\"thumbnailUrl\":\"https:\\\/\\\/mediagoras.fr\\\/exemple\\\/files\\\/2026\\\/07\\\/Temoignage-de-Renaud.jpg\",\"articleSection\":[\"T\u00e9moignages\"],\"inLanguage\":\"fr-FR\",\"potentialAction\":[{\"@type\":\"CommentAction\",\"name\":\"Comment\",\"target\":[\"https:\\\/\\\/mediagoras.fr\\\/exemple\\\/2026\\\/07\\\/03\\\/temoignage-de-renaud\\\/#respond\"]}]},{\"@type\":\"WebPage\",\"@id\":\"https:\\\/\\\/mediagoras.fr\\\/exemple\\\/2026\\\/07\\\/03\\\/temoignage-de-renaud\\\/\",\"url\":\"https:\\\/\\\/mediagoras.fr\\\/exemple\\\/2026\\\/07\\\/03\\\/temoignage-de-renaud\\\/\",\"name\":\"T\u00e9moignage de Renaud - M\u00e9diagoras Lyon\",\"isPartOf\":{\"@id\":\"https:\\\/\\\/mediagoras.fr\\\/exemple\\\/#website\"},\"primaryImageOfPage\":{\"@id\":\"https:\\\/\\\/mediagoras.fr\\\/exemple\\\/2026\\\/07\\\/03\\\/temoignage-de-renaud\\\/#primaryimage\"},\"image\":{\"@id\":\"https:\\\/\\\/mediagoras.fr\\\/exemple\\\/2026\\\/07\\\/03\\\/temoignage-de-renaud\\\/#primaryimage\"},\"thumbnailUrl\":\"https:\\\/\\\/mediagoras.fr\\\/exemple\\\/files\\\/2026\\\/07\\\/Temoignage-de-Renaud.jpg\",\"datePublished\":\"2026-07-03T18:53:43+00:00\",\"dateModified\":\"2026-07-05T12:17:54+00:00\",\"author\":{\"@id\":\"https:\\\/\\\/mediagoras.fr\\\/exemple\\\/#\\\/schema\\\/person\\\/b1dca128dd8d4a1ccdf6fc4cdf405c4d\"},\"breadcrumb\":{\"@id\":\"https:\\\/\\\/mediagoras.fr\\\/exemple\\\/2026\\\/07\\\/03\\\/temoignage-de-renaud\\\/#breadcrumb\"},\"inLanguage\":\"fr-FR\",\"potentialAction\":[{\"@type\":\"ReadAction\",\"target\":[\"https:\\\/\\\/mediagoras.fr\\\/exemple\\\/2026\\\/07\\\/03\\\/temoignage-de-renaud\\\/\"]}]},{\"@type\":\"ImageObject\",\"inLanguage\":\"fr-FR\",\"@id\":\"https:\\\/\\\/mediagoras.fr\\\/exemple\\\/2026\\\/07\\\/03\\\/temoignage-de-renaud\\\/#primaryimage\",\"url\":\"https:\\\/\\\/mediagoras.fr\\\/exemple\\\/files\\\/2026\\\/07\\\/Temoignage-de-Renaud.jpg\",\"contentUrl\":\"https:\\\/\\\/mediagoras.fr\\\/exemple\\\/files\\\/2026\\\/07\\\/Temoignage-de-Renaud.jpg\",\"width\":1500,\"height\":857},{\"@type\":\"BreadcrumbList\",\"@id\":\"https:\\\/\\\/mediagoras.fr\\\/exemple\\\/2026\\\/07\\\/03\\\/temoignage-de-renaud\\\/#breadcrumb\",\"itemListElement\":[{\"@type\":\"ListItem\",\"position\":1,\"name\":\"Accueil\",\"item\":\"https:\\\/\\\/mediagoras.fr\\\/exemple\\\/\"},{\"@type\":\"ListItem\",\"position\":2,\"name\":\"T\u00e9moignage de Renaud\"}]},{\"@type\":\"WebSite\",\"@id\":\"https:\\\/\\\/mediagoras.fr\\\/exemple\\\/#website\",\"url\":\"https:\\\/\\\/mediagoras.fr\\\/exemple\\\/\",\"name\":\"M\u00e9diagoras Lyon\",\"description\":\"Un site utilisant R\u00e9seau Mediagora\",\"potentialAction\":[{\"@type\":\"SearchAction\",\"target\":{\"@type\":\"EntryPoint\",\"urlTemplate\":\"https:\\\/\\\/mediagoras.fr\\\/exemple\\\/?s={search_term_string}\"},\"query-input\":{\"@type\":\"PropertyValueSpecification\",\"valueRequired\":true,\"valueName\":\"search_term_string\"}}],\"inLanguage\":\"fr-FR\"},{\"@type\":\"Person\",\"@id\":\"https:\\\/\\\/mediagoras.fr\\\/exemple\\\/#\\\/schema\\\/person\\\/b1dca128dd8d4a1ccdf6fc4cdf405c4d\",\"name\":\"M\u00e9diagora Lyon\",\"image\":{\"@type\":\"ImageObject\",\"inLanguage\":\"fr-FR\",\"@id\":\"https:\\\/\\\/secure.gravatar.com\\\/avatar\\\/19de2636eee3080ff42976ddb42c9b880770cb02c6bfcbabafb91274f7740767?s=96&d=mm&r=g\",\"url\":\"https:\\\/\\\/secure.gravatar.com\\\/avatar\\\/19de2636eee3080ff42976ddb42c9b880770cb02c6bfcbabafb91274f7740767?s=96&d=mm&r=g\",\"contentUrl\":\"https:\\\/\\\/secure.gravatar.com\\\/avatar\\\/19de2636eee3080ff42976ddb42c9b880770cb02c6bfcbabafb91274f7740767?s=96&d=mm&r=g\",\"caption\":\"M\u00e9diagora Lyon\"},\"url\":\"https:\\\/\\\/mediagoras.fr\\\/exemple\\\/author\\\/tolita\\\/\"}]}<\/script>\n<!-- \/ Yoast SEO plugin. -->","yoast_head_json":{"title":"T\u00e9moignage de Renaud - M\u00e9diagoras Lyon","robots":{"index":"index","follow":"follow","max-snippet":"max-snippet:-1","max-image-preview":"max-image-preview:large","max-video-preview":"max-video-preview:-1"},"canonical":"https:\/\/mediagoras.fr\/exemple\/2026\/07\/03\/temoignage-de-renaud\/","og_locale":"fr_FR","og_type":"article","og_title":"T\u00e9moignage de Renaud - M\u00e9diagoras Lyon","og_description":"Bonjour, J\u2019ai \u00e9t\u00e9 impact\u00e9 par des phobies sociales et de pens\u00e9es intrusives (une forme de TOC) \u00e0 partir de l\u2019adolescence. J\u2019ai rapidement commenc\u00e9 \u00e0 traiter ces angoisses avec l\u2019alcool; d\u2019abord en soci\u00e9t\u00e9, puis de mani\u00e8re quotidienne. Une habitude qui s\u2019installe rapidement et perdure; il m\u2019aura fallu de nombreuses ann\u00e9es avant de trouver le courage d\u2019arr\u00eater. [&hellip;]","og_url":"https:\/\/mediagoras.fr\/exemple\/2026\/07\/03\/temoignage-de-renaud\/","og_site_name":"M\u00e9diagoras Lyon","article_published_time":"2026-07-03T18:53:43+00:00","article_modified_time":"2026-07-05T12:17:54+00:00","og_image":[{"width":1500,"height":857,"url":"http:\/\/mediagoras.fr\/exemple\/files\/2026\/07\/Temoignage-de-Renaud.jpg","type":"image\/jpeg"}],"author":"M\u00e9diagora Lyon","twitter_card":"summary_large_image","twitter_misc":{"\u00c9crit par":"M\u00e9diagora Lyon","Dur\u00e9e de lecture estim\u00e9e":"3 minutes"},"schema":{"@context":"https:\/\/schema.org","@graph":[{"@type":"Article","@id":"https:\/\/mediagoras.fr\/exemple\/2026\/07\/03\/temoignage-de-renaud\/#article","isPartOf":{"@id":"https:\/\/mediagoras.fr\/exemple\/2026\/07\/03\/temoignage-de-renaud\/"},"author":{"name":"M\u00e9diagora Lyon","@id":"https:\/\/mediagoras.fr\/exemple\/#\/schema\/person\/b1dca128dd8d4a1ccdf6fc4cdf405c4d"},"headline":"T\u00e9moignage de Renaud","datePublished":"2026-07-03T18:53:43+00:00","dateModified":"2026-07-05T12:17:54+00:00","mainEntityOfPage":{"@id":"https:\/\/mediagoras.fr\/exemple\/2026\/07\/03\/temoignage-de-renaud\/"},"wordCount":493,"commentCount":0,"image":{"@id":"https:\/\/mediagoras.fr\/exemple\/2026\/07\/03\/temoignage-de-renaud\/#primaryimage"},"thumbnailUrl":"https:\/\/mediagoras.fr\/exemple\/files\/2026\/07\/Temoignage-de-Renaud.jpg","articleSection":["T\u00e9moignages"],"inLanguage":"fr-FR","potentialAction":[{"@type":"CommentAction","name":"Comment","target":["https:\/\/mediagoras.fr\/exemple\/2026\/07\/03\/temoignage-de-renaud\/#respond"]}]},{"@type":"WebPage","@id":"https:\/\/mediagoras.fr\/exemple\/2026\/07\/03\/temoignage-de-renaud\/","url":"https:\/\/mediagoras.fr\/exemple\/2026\/07\/03\/temoignage-de-renaud\/","name":"T\u00e9moignage de Renaud - M\u00e9diagoras Lyon","isPartOf":{"@id":"https:\/\/mediagoras.fr\/exemple\/#website"},"primaryImageOfPage":{"@id":"https:\/\/mediagoras.fr\/exemple\/2026\/07\/03\/temoignage-de-renaud\/#primaryimage"},"image":{"@id":"https:\/\/mediagoras.fr\/exemple\/2026\/07\/03\/temoignage-de-renaud\/#primaryimage"},"thumbnailUrl":"https:\/\/mediagoras.fr\/exemple\/files\/2026\/07\/Temoignage-de-Renaud.jpg","datePublished":"2026-07-03T18:53:43+00:00","dateModified":"2026-07-05T12:17:54+00:00","author":{"@id":"https:\/\/mediagoras.fr\/exemple\/#\/schema\/person\/b1dca128dd8d4a1ccdf6fc4cdf405c4d"},"breadcrumb":{"@id":"https:\/\/mediagoras.fr\/exemple\/2026\/07\/03\/temoignage-de-renaud\/#breadcrumb"},"inLanguage":"fr-FR","potentialAction":[{"@type":"ReadAction","target":["https:\/\/mediagoras.fr\/exemple\/2026\/07\/03\/temoignage-de-renaud\/"]}]},{"@type":"ImageObject","inLanguage":"fr-FR","@id":"https:\/\/mediagoras.fr\/exemple\/2026\/07\/03\/temoignage-de-renaud\/#primaryimage","url":"https:\/\/mediagoras.fr\/exemple\/files\/2026\/07\/Temoignage-de-Renaud.jpg","contentUrl":"https:\/\/mediagoras.fr\/exemple\/files\/2026\/07\/Temoignage-de-Renaud.jpg","width":1500,"height":857},{"@type":"BreadcrumbList","@id":"https:\/\/mediagoras.fr\/exemple\/2026\/07\/03\/temoignage-de-renaud\/#breadcrumb","itemListElement":[{"@type":"ListItem","position":1,"name":"Accueil","item":"https:\/\/mediagoras.fr\/exemple\/"},{"@type":"ListItem","position":2,"name":"T\u00e9moignage de Renaud"}]},{"@type":"WebSite","@id":"https:\/\/mediagoras.fr\/exemple\/#website","url":"https:\/\/mediagoras.fr\/exemple\/","name":"M\u00e9diagoras Lyon","description":"Un site utilisant R\u00e9seau Mediagora","potentialAction":[{"@type":"SearchAction","target":{"@type":"EntryPoint","urlTemplate":"https:\/\/mediagoras.fr\/exemple\/?s={search_term_string}"},"query-input":{"@type":"PropertyValueSpecification","valueRequired":true,"valueName":"search_term_string"}}],"inLanguage":"fr-FR"},{"@type":"Person","@id":"https:\/\/mediagoras.fr\/exemple\/#\/schema\/person\/b1dca128dd8d4a1ccdf6fc4cdf405c4d","name":"M\u00e9diagora Lyon","image":{"@type":"ImageObject","inLanguage":"fr-FR","@id":"https:\/\/secure.gravatar.com\/avatar\/19de2636eee3080ff42976ddb42c9b880770cb02c6bfcbabafb91274f7740767?s=96&d=mm&r=g","url":"https:\/\/secure.gravatar.com\/avatar\/19de2636eee3080ff42976ddb42c9b880770cb02c6bfcbabafb91274f7740767?s=96&d=mm&r=g","contentUrl":"https:\/\/secure.gravatar.com\/avatar\/19de2636eee3080ff42976ddb42c9b880770cb02c6bfcbabafb91274f7740767?s=96&d=mm&r=g","caption":"M\u00e9diagora Lyon"},"url":"https:\/\/mediagoras.fr\/exemple\/author\/tolita\/"}]}},"_links":{"self":[{"href":"https:\/\/mediagoras.fr\/exemple\/wp-json\/wp\/v2\/posts\/3206","targetHints":{"allow":["GET"]}}],"collection":[{"href":"https:\/\/mediagoras.fr\/exemple\/wp-json\/wp\/v2\/posts"}],"about":[{"href":"https:\/\/mediagoras.fr\/exemple\/wp-json\/wp\/v2\/types\/post"}],"author":[{"embeddable":true,"href":"https:\/\/mediagoras.fr\/exemple\/wp-json\/wp\/v2\/users\/38"}],"replies":[{"embeddable":true,"href":"https:\/\/mediagoras.fr\/exemple\/wp-json\/wp\/v2\/comments?post=3206"}],"version-history":[{"count":5,"href":"https:\/\/mediagoras.fr\/exemple\/wp-json\/wp\/v2\/posts\/3206\/revisions"}],"predecessor-version":[{"id":3325,"href":"https:\/\/mediagoras.fr\/exemple\/wp-json\/wp\/v2\/posts\/3206\/revisions\/3325"}],"wp:featuredmedia":[{"embeddable":true,"href":"https:\/\/mediagoras.fr\/exemple\/wp-json\/wp\/v2\/media\/3324"}],"wp:attachment":[{"href":"https:\/\/mediagoras.fr\/exemple\/wp-json\/wp\/v2\/media?parent=3206"}],"wp:term":[{"taxonomy":"category","embeddable":true,"href":"https:\/\/mediagoras.fr\/exemple\/wp-json\/wp\/v2\/categories?post=3206"},{"taxonomy":"post_tag","embeddable":true,"href":"https:\/\/mediagoras.fr\/exemple\/wp-json\/wp\/v2\/tags?post=3206"}],"curies":[{"name":"wp","href":"https:\/\/api.w.org\/{rel}","templated":true}]}}