{"id":3222,"date":"2026-07-03T21:15:31","date_gmt":"2026-07-03T19:15:31","guid":{"rendered":"https:\/\/mediagoras.fr\/exemple\/?p=3222"},"modified":"2026-07-04T21:53:25","modified_gmt":"2026-07-04T19:53:25","slug":"temoignage-de-pascal","status":"publish","type":"post","link":"https:\/\/mediagoras.fr\/exemple\/2026\/07\/03\/temoignage-de-pascal\/","title":{"rendered":"T\u00e9moignage de Pascal"},"content":{"rendered":"[et_pb_section fb_built=\u00a0\u00bb1&Prime; _builder_version=\u00a0\u00bb4.27.6&Prime; _module_preset=\u00a0\u00bbdefault\u00a0\u00bb global_colors_info=\u00a0\u00bb{}\u00a0\u00bb][et_pb_row _builder_version=\u00a0\u00bb4.27.6&Prime; _module_preset=\u00a0\u00bbdefault\u00a0\u00bb global_colors_info=\u00a0\u00bb{}\u00a0\u00bb][et_pb_column type=\u00a0\u00bb4_4&Prime; _builder_version=\u00a0\u00bb4.27.6&Prime; _module_preset=\u00a0\u00bbdefault\u00a0\u00bb global_colors_info=\u00a0\u00bb{}\u00a0\u00bb][et_pb_text _builder_version=\u00a0\u00bb4.27.6&Prime; _module_preset=\u00a0\u00bbdefault\u00a0\u00bb global_colors_info=\u00a0\u00bb{}\u00a0\u00bb]\n<p>Bonjour,<\/p>\n<p>j\u2019ai attendu plusieurs ann\u00e9es avant de t\u00e9moigner, car je voulais \u00eatre certain de la solidit\u00e9 de mes progr\u00e8s. Il y a donc quelques ann\u00e9es, je venais de loin \u00e0 ces s\u00e9ances d\u2019\u00e9changes de M\u00e9diagora Lyon. C\u2019\u00e9tait \u00e0 la fois des petits d\u00e9fis sur moi m\u00eame et de bonnes bouff\u00e9es d\u2019oxyg\u00e8ne, des parenth\u00e8ses dans ces angoisses si envahissantes.<\/p>\n<p>J\u2019ai beaucoup appr\u00e9ci\u00e9 les mises en situations par les petits sketchs. C\u2019est quelque chose que je poursuis encore aujourd\u2019hui et depuis 6 ans dans une troupe de th\u00e9\u00e2tre amateur locale. C\u2019est un trac fou mais un r\u00e9el bonheur lors des repr\u00e9sentations de fin d\u2019ann\u00e9e.<\/p>\n<p>Par ces petits d\u00e9fis sur mes angoisses, toujours bien calcul\u00e9s juste au dessus de mes limites de l\u2019instant, j\u2019ai r\u00e9ussi petit \u00e0 petit, tout en trouvant un psychologue avec qui le courant passait bien, \u00e0 refaire des choses \u00e0 l\u2019\u00e9poque impossible : entrer dans un magasin, demander quelque chose, r\u00e9pondre au t\u00e9l\u00e9phone en pr\u00e9sence d\u2019un tiers au travail, etc\u2026<\/p>\n<p>De fil en aiguille et \u00e0 mon rythme c\u2019est en quelque sorte un r\u00e9apprentissage de la vie sociale qui s\u2019est r\u00e9alis\u00e9.<br \/>Parfois je vais sonner \u00e0 une porte quand je suis perdu pour demander mon chemin, et apr\u00e8s coup je r\u00e9alise que je ne me suis m\u00eame pas pos\u00e9 la question de savoir si cela \u00e9tait angoissant\u2026<\/p>\n<p>Je ne me pose plus toutes ces questions auxquelles je voulais absolument avoir des r\u00e9ponses.<br \/>J\u2019ai eu la chance d\u2019avoir des amis qui m\u2019ont soutenu, qui m\u2019ont encourag\u00e9 quand j\u2019ai essay\u00e9 la sophrologie, le shiatsu \u2026 je suis \u00e0 nouveau sorti un peu, j\u2019ai trouv\u00e9 une copine.<\/p>\n<p>Nous avons emm\u00e9nag\u00e9 ensemble puis l\u2019ann\u00e9e derni\u00e8re nous avons eu un petit gar\u00e7on.<br \/>Moi qui \u00e9tais certain que cela ne m\u2019arriverait jamais \u2026<\/p>\n<p>Voil\u00e0 en quelques mots mon parcours depuis mon passage \u00e0 M\u00e9diagora Lyon.<br \/>Pour tout cela je vous remercie tous vivement et je souhaite \u00e0 tous ceux qui connaissent des difficult\u00e9s de trouver \u00e0 leur tour leur chemin vers le bien \u00eatre.<\/p>\n<p>Amicalement,<\/p>\n<p>Pascal<\/p>\n[\/et_pb_text][\/et_pb_column][\/et_pb_row][\/et_pb_section]\n","protected":false},"excerpt":{"rendered":"<p>Bonjour, j\u2019ai attendu plusieurs ann\u00e9es avant de t\u00e9moigner, car je voulais \u00eatre certain de la solidit\u00e9 de mes progr\u00e8s. Il y a donc quelques ann\u00e9es, je venais de loin \u00e0 ces s\u00e9ances d\u2019\u00e9changes de M\u00e9diagora Lyon. C\u2019\u00e9tait \u00e0 la fois des petits d\u00e9fis sur moi m\u00eame et de bonnes bouff\u00e9es d\u2019oxyg\u00e8ne, des parenth\u00e8ses dans ces [&hellip;]<\/p>\n","protected":false},"author":38,"featured_media":3287,"comment_status":"open","ping_status":"open","sticky":false,"template":"","format":"standard","meta":{"_et_pb_use_builder":"on","_et_pb_old_content":"","_et_gb_content_width":"","footnotes":""},"categories":[15],"tags":[],"class_list":["post-3222","post","type-post","status-publish","format-standard","has-post-thumbnail","hentry","category-temoignages"],"yoast_head":"<!-- This site is optimized with the Yoast SEO plugin v28.3 - https:\/\/yoast.com\/product\/yoast-seo-wordpress\/ -->\n<title>T\u00e9moignage de Pascal - M\u00e9diagoras Lyon<\/title>\n<meta name=\"robots\" content=\"index, follow, max-snippet:-1, max-image-preview:large, max-video-preview:-1\" \/>\n<link rel=\"canonical\" href=\"https:\/\/mediagoras.fr\/exemple\/2026\/07\/03\/temoignage-de-pascal\/\" \/>\n<meta property=\"og:locale\" content=\"fr_FR\" \/>\n<meta property=\"og:type\" content=\"article\" \/>\n<meta property=\"og:title\" content=\"T\u00e9moignage de Pascal - M\u00e9diagoras Lyon\" \/>\n<meta property=\"og:description\" content=\"Bonjour, j\u2019ai attendu plusieurs ann\u00e9es avant de t\u00e9moigner, car je voulais \u00eatre certain de la solidit\u00e9 de mes progr\u00e8s. Il y a donc quelques ann\u00e9es, je venais de loin \u00e0 ces s\u00e9ances d\u2019\u00e9changes de M\u00e9diagora Lyon. C\u2019\u00e9tait \u00e0 la fois des petits d\u00e9fis sur moi m\u00eame et de bonnes bouff\u00e9es d\u2019oxyg\u00e8ne, des parenth\u00e8ses dans ces [&hellip;]\" \/>\n<meta property=\"og:url\" content=\"https:\/\/mediagoras.fr\/exemple\/2026\/07\/03\/temoignage-de-pascal\/\" \/>\n<meta property=\"og:site_name\" content=\"M\u00e9diagoras Lyon\" \/>\n<meta property=\"article:published_time\" content=\"2026-07-03T19:15:31+00:00\" \/>\n<meta property=\"article:modified_time\" content=\"2026-07-04T19:53:25+00:00\" \/>\n<meta property=\"og:image\" content=\"http:\/\/mediagoras.fr\/exemple\/files\/2026\/07\/Temoignage-de-Pascal.jpg\" \/>\n\t<meta property=\"og:image:width\" content=\"1000\" \/>\n\t<meta property=\"og:image:height\" content=\"623\" \/>\n\t<meta property=\"og:image:type\" content=\"image\/jpeg\" \/>\n<meta name=\"author\" content=\"M\u00e9diagora Lyon\" \/>\n<meta name=\"twitter:card\" content=\"summary_large_image\" \/>\n<meta name=\"twitter:label1\" content=\"\u00c9crit par\" \/>\n\t<meta name=\"twitter:data1\" content=\"M\u00e9diagora Lyon\" \/>\n\t<meta name=\"twitter:label2\" content=\"Dur\u00e9e de lecture estim\u00e9e\" \/>\n\t<meta name=\"twitter:data2\" content=\"2 minutes\" \/>\n<script type=\"application\/ld+json\" class=\"yoast-schema-graph\">{\"@context\":\"https:\\\/\\\/schema.org\",\"@graph\":[{\"@type\":\"Article\",\"@id\":\"https:\\\/\\\/mediagoras.fr\\\/exemple\\\/2026\\\/07\\\/03\\\/temoignage-de-pascal\\\/#article\",\"isPartOf\":{\"@id\":\"https:\\\/\\\/mediagoras.fr\\\/exemple\\\/2026\\\/07\\\/03\\\/temoignage-de-pascal\\\/\"},\"author\":{\"name\":\"M\u00e9diagora Lyon\",\"@id\":\"https:\\\/\\\/mediagoras.fr\\\/exemple\\\/#\\\/schema\\\/person\\\/b1dca128dd8d4a1ccdf6fc4cdf405c4d\"},\"headline\":\"T\u00e9moignage de Pascal\",\"datePublished\":\"2026-07-03T19:15:31+00:00\",\"dateModified\":\"2026-07-04T19:53:25+00:00\",\"mainEntityOfPage\":{\"@id\":\"https:\\\/\\\/mediagoras.fr\\\/exemple\\\/2026\\\/07\\\/03\\\/temoignage-de-pascal\\\/\"},\"wordCount\":437,\"commentCount\":0,\"image\":{\"@id\":\"https:\\\/\\\/mediagoras.fr\\\/exemple\\\/2026\\\/07\\\/03\\\/temoignage-de-pascal\\\/#primaryimage\"},\"thumbnailUrl\":\"https:\\\/\\\/mediagoras.fr\\\/exemple\\\/files\\\/2026\\\/07\\\/Temoignage-de-Pascal.jpg\",\"articleSection\":[\"T\u00e9moignages\"],\"inLanguage\":\"fr-FR\",\"potentialAction\":[{\"@type\":\"CommentAction\",\"name\":\"Comment\",\"target\":[\"https:\\\/\\\/mediagoras.fr\\\/exemple\\\/2026\\\/07\\\/03\\\/temoignage-de-pascal\\\/#respond\"]}]},{\"@type\":\"WebPage\",\"@id\":\"https:\\\/\\\/mediagoras.fr\\\/exemple\\\/2026\\\/07\\\/03\\\/temoignage-de-pascal\\\/\",\"url\":\"https:\\\/\\\/mediagoras.fr\\\/exemple\\\/2026\\\/07\\\/03\\\/temoignage-de-pascal\\\/\",\"name\":\"T\u00e9moignage de Pascal - M\u00e9diagoras Lyon\",\"isPartOf\":{\"@id\":\"https:\\\/\\\/mediagoras.fr\\\/exemple\\\/#website\"},\"primaryImageOfPage\":{\"@id\":\"https:\\\/\\\/mediagoras.fr\\\/exemple\\\/2026\\\/07\\\/03\\\/temoignage-de-pascal\\\/#primaryimage\"},\"image\":{\"@id\":\"https:\\\/\\\/mediagoras.fr\\\/exemple\\\/2026\\\/07\\\/03\\\/temoignage-de-pascal\\\/#primaryimage\"},\"thumbnailUrl\":\"https:\\\/\\\/mediagoras.fr\\\/exemple\\\/files\\\/2026\\\/07\\\/Temoignage-de-Pascal.jpg\",\"datePublished\":\"2026-07-03T19:15:31+00:00\",\"dateModified\":\"2026-07-04T19:53:25+00:00\",\"author\":{\"@id\":\"https:\\\/\\\/mediagoras.fr\\\/exemple\\\/#\\\/schema\\\/person\\\/b1dca128dd8d4a1ccdf6fc4cdf405c4d\"},\"breadcrumb\":{\"@id\":\"https:\\\/\\\/mediagoras.fr\\\/exemple\\\/2026\\\/07\\\/03\\\/temoignage-de-pascal\\\/#breadcrumb\"},\"inLanguage\":\"fr-FR\",\"potentialAction\":[{\"@type\":\"ReadAction\",\"target\":[\"https:\\\/\\\/mediagoras.fr\\\/exemple\\\/2026\\\/07\\\/03\\\/temoignage-de-pascal\\\/\"]}]},{\"@type\":\"ImageObject\",\"inLanguage\":\"fr-FR\",\"@id\":\"https:\\\/\\\/mediagoras.fr\\\/exemple\\\/2026\\\/07\\\/03\\\/temoignage-de-pascal\\\/#primaryimage\",\"url\":\"https:\\\/\\\/mediagoras.fr\\\/exemple\\\/files\\\/2026\\\/07\\\/Temoignage-de-Pascal.jpg\",\"contentUrl\":\"https:\\\/\\\/mediagoras.fr\\\/exemple\\\/files\\\/2026\\\/07\\\/Temoignage-de-Pascal.jpg\",\"width\":1000,\"height\":623,\"caption\":\"T\u00e9moignage de Pascal - M\u00e9diagora Lyon\"},{\"@type\":\"BreadcrumbList\",\"@id\":\"https:\\\/\\\/mediagoras.fr\\\/exemple\\\/2026\\\/07\\\/03\\\/temoignage-de-pascal\\\/#breadcrumb\",\"itemListElement\":[{\"@type\":\"ListItem\",\"position\":1,\"name\":\"Accueil\",\"item\":\"https:\\\/\\\/mediagoras.fr\\\/exemple\\\/\"},{\"@type\":\"ListItem\",\"position\":2,\"name\":\"T\u00e9moignage de Pascal\"}]},{\"@type\":\"WebSite\",\"@id\":\"https:\\\/\\\/mediagoras.fr\\\/exemple\\\/#website\",\"url\":\"https:\\\/\\\/mediagoras.fr\\\/exemple\\\/\",\"name\":\"M\u00e9diagoras Lyon\",\"description\":\"Un site utilisant R\u00e9seau Mediagora\",\"potentialAction\":[{\"@type\":\"SearchAction\",\"target\":{\"@type\":\"EntryPoint\",\"urlTemplate\":\"https:\\\/\\\/mediagoras.fr\\\/exemple\\\/?s={search_term_string}\"},\"query-input\":{\"@type\":\"PropertyValueSpecification\",\"valueRequired\":true,\"valueName\":\"search_term_string\"}}],\"inLanguage\":\"fr-FR\"},{\"@type\":\"Person\",\"@id\":\"https:\\\/\\\/mediagoras.fr\\\/exemple\\\/#\\\/schema\\\/person\\\/b1dca128dd8d4a1ccdf6fc4cdf405c4d\",\"name\":\"M\u00e9diagora Lyon\",\"image\":{\"@type\":\"ImageObject\",\"inLanguage\":\"fr-FR\",\"@id\":\"https:\\\/\\\/secure.gravatar.com\\\/avatar\\\/19de2636eee3080ff42976ddb42c9b880770cb02c6bfcbabafb91274f7740767?s=96&d=mm&r=g\",\"url\":\"https:\\\/\\\/secure.gravatar.com\\\/avatar\\\/19de2636eee3080ff42976ddb42c9b880770cb02c6bfcbabafb91274f7740767?s=96&d=mm&r=g\",\"contentUrl\":\"https:\\\/\\\/secure.gravatar.com\\\/avatar\\\/19de2636eee3080ff42976ddb42c9b880770cb02c6bfcbabafb91274f7740767?s=96&d=mm&r=g\",\"caption\":\"M\u00e9diagora Lyon\"},\"url\":\"https:\\\/\\\/mediagoras.fr\\\/exemple\\\/author\\\/tolita\\\/\"}]}<\/script>\n<!-- \/ Yoast SEO plugin. -->","yoast_head_json":{"title":"T\u00e9moignage de Pascal - M\u00e9diagoras Lyon","robots":{"index":"index","follow":"follow","max-snippet":"max-snippet:-1","max-image-preview":"max-image-preview:large","max-video-preview":"max-video-preview:-1"},"canonical":"https:\/\/mediagoras.fr\/exemple\/2026\/07\/03\/temoignage-de-pascal\/","og_locale":"fr_FR","og_type":"article","og_title":"T\u00e9moignage de Pascal - M\u00e9diagoras Lyon","og_description":"Bonjour, j\u2019ai attendu plusieurs ann\u00e9es avant de t\u00e9moigner, car je voulais \u00eatre certain de la solidit\u00e9 de mes progr\u00e8s. Il y a donc quelques ann\u00e9es, je venais de loin \u00e0 ces s\u00e9ances d\u2019\u00e9changes de M\u00e9diagora Lyon. C\u2019\u00e9tait \u00e0 la fois des petits d\u00e9fis sur moi m\u00eame et de bonnes bouff\u00e9es d\u2019oxyg\u00e8ne, des parenth\u00e8ses dans ces [&hellip;]","og_url":"https:\/\/mediagoras.fr\/exemple\/2026\/07\/03\/temoignage-de-pascal\/","og_site_name":"M\u00e9diagoras Lyon","article_published_time":"2026-07-03T19:15:31+00:00","article_modified_time":"2026-07-04T19:53:25+00:00","og_image":[{"width":1000,"height":623,"url":"http:\/\/mediagoras.fr\/exemple\/files\/2026\/07\/Temoignage-de-Pascal.jpg","type":"image\/jpeg"}],"author":"M\u00e9diagora Lyon","twitter_card":"summary_large_image","twitter_misc":{"\u00c9crit par":"M\u00e9diagora Lyon","Dur\u00e9e de lecture estim\u00e9e":"2 minutes"},"schema":{"@context":"https:\/\/schema.org","@graph":[{"@type":"Article","@id":"https:\/\/mediagoras.fr\/exemple\/2026\/07\/03\/temoignage-de-pascal\/#article","isPartOf":{"@id":"https:\/\/mediagoras.fr\/exemple\/2026\/07\/03\/temoignage-de-pascal\/"},"author":{"name":"M\u00e9diagora Lyon","@id":"https:\/\/mediagoras.fr\/exemple\/#\/schema\/person\/b1dca128dd8d4a1ccdf6fc4cdf405c4d"},"headline":"T\u00e9moignage de Pascal","datePublished":"2026-07-03T19:15:31+00:00","dateModified":"2026-07-04T19:53:25+00:00","mainEntityOfPage":{"@id":"https:\/\/mediagoras.fr\/exemple\/2026\/07\/03\/temoignage-de-pascal\/"},"wordCount":437,"commentCount":0,"image":{"@id":"https:\/\/mediagoras.fr\/exemple\/2026\/07\/03\/temoignage-de-pascal\/#primaryimage"},"thumbnailUrl":"https:\/\/mediagoras.fr\/exemple\/files\/2026\/07\/Temoignage-de-Pascal.jpg","articleSection":["T\u00e9moignages"],"inLanguage":"fr-FR","potentialAction":[{"@type":"CommentAction","name":"Comment","target":["https:\/\/mediagoras.fr\/exemple\/2026\/07\/03\/temoignage-de-pascal\/#respond"]}]},{"@type":"WebPage","@id":"https:\/\/mediagoras.fr\/exemple\/2026\/07\/03\/temoignage-de-pascal\/","url":"https:\/\/mediagoras.fr\/exemple\/2026\/07\/03\/temoignage-de-pascal\/","name":"T\u00e9moignage de Pascal - M\u00e9diagoras Lyon","isPartOf":{"@id":"https:\/\/mediagoras.fr\/exemple\/#website"},"primaryImageOfPage":{"@id":"https:\/\/mediagoras.fr\/exemple\/2026\/07\/03\/temoignage-de-pascal\/#primaryimage"},"image":{"@id":"https:\/\/mediagoras.fr\/exemple\/2026\/07\/03\/temoignage-de-pascal\/#primaryimage"},"thumbnailUrl":"https:\/\/mediagoras.fr\/exemple\/files\/2026\/07\/Temoignage-de-Pascal.jpg","datePublished":"2026-07-03T19:15:31+00:00","dateModified":"2026-07-04T19:53:25+00:00","author":{"@id":"https:\/\/mediagoras.fr\/exemple\/#\/schema\/person\/b1dca128dd8d4a1ccdf6fc4cdf405c4d"},"breadcrumb":{"@id":"https:\/\/mediagoras.fr\/exemple\/2026\/07\/03\/temoignage-de-pascal\/#breadcrumb"},"inLanguage":"fr-FR","potentialAction":[{"@type":"ReadAction","target":["https:\/\/mediagoras.fr\/exemple\/2026\/07\/03\/temoignage-de-pascal\/"]}]},{"@type":"ImageObject","inLanguage":"fr-FR","@id":"https:\/\/mediagoras.fr\/exemple\/2026\/07\/03\/temoignage-de-pascal\/#primaryimage","url":"https:\/\/mediagoras.fr\/exemple\/files\/2026\/07\/Temoignage-de-Pascal.jpg","contentUrl":"https:\/\/mediagoras.fr\/exemple\/files\/2026\/07\/Temoignage-de-Pascal.jpg","width":1000,"height":623,"caption":"T\u00e9moignage de Pascal - M\u00e9diagora Lyon"},{"@type":"BreadcrumbList","@id":"https:\/\/mediagoras.fr\/exemple\/2026\/07\/03\/temoignage-de-pascal\/#breadcrumb","itemListElement":[{"@type":"ListItem","position":1,"name":"Accueil","item":"https:\/\/mediagoras.fr\/exemple\/"},{"@type":"ListItem","position":2,"name":"T\u00e9moignage de Pascal"}]},{"@type":"WebSite","@id":"https:\/\/mediagoras.fr\/exemple\/#website","url":"https:\/\/mediagoras.fr\/exemple\/","name":"M\u00e9diagoras Lyon","description":"Un site utilisant R\u00e9seau Mediagora","potentialAction":[{"@type":"SearchAction","target":{"@type":"EntryPoint","urlTemplate":"https:\/\/mediagoras.fr\/exemple\/?s={search_term_string}"},"query-input":{"@type":"PropertyValueSpecification","valueRequired":true,"valueName":"search_term_string"}}],"inLanguage":"fr-FR"},{"@type":"Person","@id":"https:\/\/mediagoras.fr\/exemple\/#\/schema\/person\/b1dca128dd8d4a1ccdf6fc4cdf405c4d","name":"M\u00e9diagora Lyon","image":{"@type":"ImageObject","inLanguage":"fr-FR","@id":"https:\/\/secure.gravatar.com\/avatar\/19de2636eee3080ff42976ddb42c9b880770cb02c6bfcbabafb91274f7740767?s=96&d=mm&r=g","url":"https:\/\/secure.gravatar.com\/avatar\/19de2636eee3080ff42976ddb42c9b880770cb02c6bfcbabafb91274f7740767?s=96&d=mm&r=g","contentUrl":"https:\/\/secure.gravatar.com\/avatar\/19de2636eee3080ff42976ddb42c9b880770cb02c6bfcbabafb91274f7740767?s=96&d=mm&r=g","caption":"M\u00e9diagora Lyon"},"url":"https:\/\/mediagoras.fr\/exemple\/author\/tolita\/"}]}},"_links":{"self":[{"href":"https:\/\/mediagoras.fr\/exemple\/wp-json\/wp\/v2\/posts\/3222","targetHints":{"allow":["GET"]}}],"collection":[{"href":"https:\/\/mediagoras.fr\/exemple\/wp-json\/wp\/v2\/posts"}],"about":[{"href":"https:\/\/mediagoras.fr\/exemple\/wp-json\/wp\/v2\/types\/post"}],"author":[{"embeddable":true,"href":"https:\/\/mediagoras.fr\/exemple\/wp-json\/wp\/v2\/users\/38"}],"replies":[{"embeddable":true,"href":"https:\/\/mediagoras.fr\/exemple\/wp-json\/wp\/v2\/comments?post=3222"}],"version-history":[{"count":4,"href":"https:\/\/mediagoras.fr\/exemple\/wp-json\/wp\/v2\/posts\/3222\/revisions"}],"predecessor-version":[{"id":3229,"href":"https:\/\/mediagoras.fr\/exemple\/wp-json\/wp\/v2\/posts\/3222\/revisions\/3229"}],"wp:featuredmedia":[{"embeddable":true,"href":"https:\/\/mediagoras.fr\/exemple\/wp-json\/wp\/v2\/media\/3287"}],"wp:attachment":[{"href":"https:\/\/mediagoras.fr\/exemple\/wp-json\/wp\/v2\/media?parent=3222"}],"wp:term":[{"taxonomy":"category","embeddable":true,"href":"https:\/\/mediagoras.fr\/exemple\/wp-json\/wp\/v2\/categories?post=3222"},{"taxonomy":"post_tag","embeddable":true,"href":"https:\/\/mediagoras.fr\/exemple\/wp-json\/wp\/v2\/tags?post=3222"}],"curies":[{"name":"wp","href":"https:\/\/api.w.org\/{rel}","templated":true}]}}