{"id":3230,"date":"2026-07-03T21:18:04","date_gmt":"2026-07-03T19:18:04","guid":{"rendered":"https:\/\/mediagoras.fr\/exemple\/?p=3230"},"modified":"2026-07-05T14:18:48","modified_gmt":"2026-07-05T12:18:48","slug":"temoignage-de-michelle","status":"publish","type":"post","link":"https:\/\/mediagoras.fr\/exemple\/2026\/07\/03\/temoignage-de-michelle\/","title":{"rendered":"T\u00e9moignage de Michelle"},"content":{"rendered":"[et_pb_section fb_built=\u00a0\u00bb1&Prime; _builder_version=\u00a0\u00bb4.27.6&Prime; _module_preset=\u00a0\u00bbdefault\u00a0\u00bb global_colors_info=\u00a0\u00bb{}\u00a0\u00bb][et_pb_row _builder_version=\u00a0\u00bb4.27.6&Prime; _module_preset=\u00a0\u00bbdefault\u00a0\u00bb global_colors_info=\u00a0\u00bb{}\u00a0\u00bb][et_pb_column type=\u00a0\u00bb4_4&Prime; _builder_version=\u00a0\u00bb4.27.6&Prime; _module_preset=\u00a0\u00bbdefault\u00a0\u00bb global_colors_info=\u00a0\u00bb{}\u00a0\u00bb][et_pb_text _builder_version=\u00a0\u00bb4.27.6&Prime; _module_preset=\u00a0\u00bbdefault\u00a0\u00bb global_colors_info=\u00a0\u00bb{}\u00a0\u00bb]\n<p>Bonjour \u00e0 toutes et \u00e0 tous,<\/p>\n<p>J\u2019ai \u00e9t\u00e9 tr\u00e8s fortement touch\u00e9e par l\u2019agoraphobie ainsi que la phobie sociale associ\u00e9e.<\/p>\n<p>Voici quelle \u00e9tait ma situation, il y a encore quelques ann\u00e9es :<\/p>\n<p>Ma \u00ab\u00a0maladie\u00a0\u00bb -on peut dire que c\u2019en est une dans ces cas-l\u00e0, m\u2019a d\u2019abord fait perdre mon travail : secr\u00e9taire de direction dans un h\u00f4pital. Bref, apr\u00e8s 5 ann\u00e9es d\u2019arr\u00eat longue maladie et maladie longue dur\u00e9e, j\u2019ai \u00e9t\u00e9 contrainte et forc\u00e9e de prendre \u00ab\u00a0une retraite anticip\u00e9e pour incapacit\u00e9 de reprendre mon travail\u00a0\u00bb. Etre contrainte de prendre sa retraite avant 40 ans, \u00e7a n\u2019est pas cool (sauf chez les militaires ou les sportifs). On doit se contenter de peu d\u2019argent et les gens vous regardent bizarrement.<br \/>Bref, si le seul probl\u00e8me \u00e9tait l\u00e0, ce ne serait pas le plus grave. Mais une fois chez moi (\u00e0 la retraite), je ne pouvais pas sortir pour faire mes courses (pas de supermarch\u00e9s, ni m\u00eame de petits magasins, jusqu\u2019\u00e0 parfois ne pas pouvoir aller acheter mon pain \u00e0 la boulangerie du coin ou guetter de la voiture s\u2019il y avait du monde dans le magasin afin de ne pas avoir \u00e0 attendre, car l\u00e0, c\u2019\u00e9tait impossible). Mes jambes en cas d\u2019attente debout me donnaient la sensation de ne plus me porter et j\u2019\u00e9tais toujours oblig\u00e9e de m\u2019accrocher \u00e0 quelque chose ou de m\u2019adosser. Pas facile, il m\u2019est arriv\u00e9e ainsi de renverser des \u00e9talages et de me faire encore plus remarquer, le comble quand on a peur des autres.<br \/>Impossibilit\u00e9 aussi de prendre le bus -le m\u00e9tro encore moins- et pour la voiture, je m\u2019y sentais un peu prot\u00e9g\u00e9e \u00e0 condition que je l\u2019utilise dans un p\u00e9rim\u00e8tre donn\u00e9 et connu- pas loin de chez moi et surtout attention s\u2019il y a une d\u00e9viation, c\u2019est l\u2019angoisse car je peux me perdre et cela d\u00e9clenchait la panique.<br \/>Marcher \u00e0 pied aussi \u00e9tait difficile car comme je me sentais souvent vertigineuse, j\u2019avais la sensation de tanguer. Cela devait d\u2019ailleurs se voir, car des voisins m\u2019avaient fait le remarque, pas follichon ! Peur d\u2019\u00eatre invit\u00e9e (inventer des excuses bidon pour ne pas y aller), pas de cin\u00e9, de spectacles\u2026<\/p>\n<p>Et aussi la peur d\u2019\u00eatre seule chez moi. A cette \u00e9poque, je vivais encore avec mon futur ex-mari et mes filles allaient au coll\u00e8ge et lyc\u00e9e. Et donc , lorsque tout le monde \u00e9tait parti \u00e0 ses occupations, j\u2019\u00e9tais seule chez moi et souvent la panique me prenait -peur de ce qui pouvait m\u2019arriver si je tombais, si j\u2019allais pas bien, si et si et si\u2026. Je pleurais, je criais seule, m\u00eame n\u2019osant parfois plus trop bouger de peur de tomber. Bref, un vrai chemin de croix tout \u00e7a.<\/p>\n<p>De vous en parler, c\u2019est dur, mais je m\u2019en suis sortie, m\u00eame si je ne l\u2019aurais jamais cru.<\/p>\n<p>J\u2019ai d\u2019abord suivi (comme pas mal d\u2019entre nous) une th\u00e9rapie classique, avec un psy non sp\u00e9cialis\u00e9 dans les TCC ni m\u00eame dans les phobies. Th\u00e9rapie sur plusieurs ann\u00e9es qui m\u2019a servi \u00e0 me conna\u00eetre mieux certes et \u00e0 parler de mes probl\u00e8mes d\u2019enfance li\u00e9s \u00e0 mon entourage (soeur handicap\u00e9e). Cela m\u2019a permis d\u2019\u00e9vacuer beaucoup de choses, y compris la perte de mon travail. Mais je n\u2019am\u00e9liorais pas mes troubles phobiques, malgr\u00e9 prise d\u2019antid\u00e9presseurs et anxiolytiques.<br \/>Alors, j\u2019ai essay\u00e9 durant plus d\u2019une ann\u00e9e de voir un psy TCC. Au d\u00e9but, j\u2019y croyais ferme. Des petits exercices \u00e0 faire, noter mes angoisses sur un petit carnet. En m\u00eame temps, j\u2019avais r\u00e9ussi \u00e0 sortir de temps en temps un peu plus le bout de mon nez dehors.Mais les rechutes \u00e9taient encore plus fortes et l\u00e0, je ne faisais plus rien. Et le psy ne m\u2019encourageait pas et m\u00eame semblait dire que je n\u2019y mettais pas du mien. Bref, j\u2019ai arr\u00eat\u00e9 avec lui, d\u00e9courag\u00e9e.<\/p>\n<p>Je pensais que je n\u2019aurais jamais de solutions et que je resterai toujours ainsi. La vie me paraissait vraiment tr\u00e8s triste.<\/p>\n<p>L\u2019id\u00e9e de mettre en place une association de personnes \u00ab\u00a0comme moi\u00a0\u00bb germait depuis pas mal de temps, mais je ne savais comment r\u00e9aliser cela avec tous mes troubles et angoisses. Lorsque j\u2019ai enfin d\u00e9cid\u00e9 de m\u2019y mettre, j\u2019ai fait connaissance -par personnes interpos\u00e9es- d\u2019un psy TCC qui a \u00e9t\u00e9 le bon (POUR MOI, bien s\u00fbr) cette fois ! Je pr\u00e9cise \u00ab pour moi \u00bb, car je suis r\u00e9ellement persuad\u00e9e qu\u2019un th\u00e9rapeute qui convient \u00e0 un patient ne sera peut-\u00eatre d\u2019aucun secours pour un autre.<\/p>\n<p>Bref, cela a d\u00e9bouch\u00e9 sur 2 ann\u00e9es de TCC. Les 6 premiers mois tr\u00e8s hard, pour d\u00e9samorcer la machine angoisses et paniques, et mes id\u00e9es re\u00e7ues. Mais quelle joie petit \u00e0 petit de pouvoir refaire des choses simples pour tout le monde.<\/p>\n<p>A chaque fin de s\u00e9ance, j\u2019avais des exercices \u00e0 faire quotidiennement chez moi ou hors de chez moi. Et je devais noter les pens\u00e9es automatiques qui en d\u00e9coulaient (peur de m\u2019\u00e9vanouir, par ex\u2026), le degr\u00e9 d\u2019anxi\u00e9t\u00e9 qui accompagnait (sur 10), et ajouter une pens\u00e9e rassurante (si je m\u2019\u00e9vanouis, pas grave y\u2019a du monde qui va me secourir).<br \/>Un travail de tous les jours pour r\u00e9apprendre \u00e0 monter dans un bus, un m\u00e9tro, aller me promener en ville, retourner dans un supermarch\u00e9 faire mes courses (seule, bien s\u00fbr), et petit \u00e0 petit, aller dans une soir\u00e9e, au cin\u00e9 (d\u2019abord accompagn\u00e9e, puis pr\u00e8s de la sortie au cas o\u00f9\u2026), etc.<\/p>\n<p>Un travail de Titan que j\u2019ai gard\u00e9 chez moi (plusieurs cahiers et feuilles simples).<\/p>\n<p>Et pas question de se d\u00e9sister de ce que j\u2019avais \u00e0 faire. C\u2019\u00e9tait les consignes tr\u00e8s strictes de mon psy. Mais maintenant, je suis heureuse de n\u2019avoir pas c\u00e9d\u00e9 \u00e0 l\u2019envie de me d\u00e9filer.<\/p>\n<p>Cette TCC a \u00e9t\u00e9 pour moi un rem\u00e8de fabuleux \u00e0 tous ces probl\u00e8mes, m\u00eame si ce fut dur et si j\u2019ai d\u00fb prendre aussi un antid\u00e9presseur pour faciliter le travail de cette psychoth\u00e9rapie. J\u2019ai aussi b\u00e9n\u00e9fici\u00e9 du fait que la cr\u00e9ation de l\u2019association M\u00e9diagora Lyon m\u2019a forc\u00e9e \u00e0 me bousculer et \u00e0 me battre pour faire quelque chose de constructif.<\/p>\n<p>Depuis 2005, j\u2019ai la joie de revivre normalement. Bus, m\u00e9tro, sorties, vacances, \u00eatre bien avec les autres car j\u2019aime profond\u00e9ment les gens. Mes proches, mais aussi les membres de M\u00e9diagora Lyon qui sont un peu ma famille \u00e9largie.<\/p>\n<p>M\u00eame si je sais que je suis toujours un peu fragile et que de temps en temps si je suis plus fatigu\u00e9e ou si j\u2019ai du souci, quelques sympt\u00f4mes peuvent r\u00e9appara\u00eetre, je les connais et j\u2019arrive \u00e0 g\u00e9rer et \u00e0 me dire que c\u2019est pas grave.<br \/>Ma devise maintenant : \u00ab\u00a0profiter de tout ce que je peux faire qui me fait plaisir, car j\u2019ai du temps \u00e0 rattraper\u00a0\u00bb.<\/p>\n<p>Mais aussi, mon bonheur passe aussi par celui des autres et par l\u2019aide que je peux leur apporter. Voil\u00e0, j\u2019ai \u00e9t\u00e9 un peu longue, mais il m\u2019\u00e9tait difficile de r\u00e9sumer davantage.<\/p>\n<p>Victimes de l\u2019Agoraphobie, ne vous d\u00e9couragez-pas, vous vous en sortirez un jour. Mes encouragements vont \u00e9galement \u00e0 tous ceux qui souffrent de Phobie Sociale ainsi que d\u2019Anxi\u00e9t\u00e9 G\u00e9n\u00e9ralis\u00e9e.<\/p>\n<p>Michelle<\/p>\n<p><em>NB : TCC = Th\u00e9rapie Cognitive et Comportementale (et Emotionnelle)<\/em><\/p>\n[\/et_pb_text][\/et_pb_column][\/et_pb_row][\/et_pb_section]\n","protected":false},"excerpt":{"rendered":"<p>Bonjour \u00e0 toutes et \u00e0 tous, J\u2019ai \u00e9t\u00e9 tr\u00e8s fortement touch\u00e9e par l\u2019agoraphobie ainsi que la phobie sociale associ\u00e9e. Voici quelle \u00e9tait ma situation, il y a encore quelques ann\u00e9es : Ma \u00ab\u00a0maladie\u00a0\u00bb -on peut dire que c\u2019en est une dans ces cas-l\u00e0, m\u2019a d\u2019abord fait perdre mon travail : secr\u00e9taire de direction dans un [&hellip;]<\/p>\n","protected":false},"author":38,"featured_media":3326,"comment_status":"open","ping_status":"open","sticky":false,"template":"","format":"standard","meta":{"_et_pb_use_builder":"on","_et_pb_old_content":"","_et_gb_content_width":"","footnotes":""},"categories":[15],"tags":[],"class_list":["post-3230","post","type-post","status-publish","format-standard","has-post-thumbnail","hentry","category-temoignages"],"yoast_head":"<!-- This site is optimized with the Yoast SEO plugin v28.3 - https:\/\/yoast.com\/product\/yoast-seo-wordpress\/ -->\n<title>T\u00e9moignage de Michelle - M\u00e9diagoras Lyon<\/title>\n<meta name=\"robots\" content=\"index, follow, max-snippet:-1, max-image-preview:large, max-video-preview:-1\" \/>\n<link rel=\"canonical\" href=\"https:\/\/mediagoras.fr\/exemple\/2026\/07\/03\/temoignage-de-michelle\/\" \/>\n<meta property=\"og:locale\" content=\"fr_FR\" \/>\n<meta property=\"og:type\" content=\"article\" \/>\n<meta property=\"og:title\" content=\"T\u00e9moignage de Michelle - M\u00e9diagoras Lyon\" \/>\n<meta property=\"og:description\" content=\"Bonjour \u00e0 toutes et \u00e0 tous, J\u2019ai \u00e9t\u00e9 tr\u00e8s fortement touch\u00e9e par l\u2019agoraphobie ainsi que la phobie sociale associ\u00e9e. Voici quelle \u00e9tait ma situation, il y a encore quelques ann\u00e9es : Ma \u00ab\u00a0maladie\u00a0\u00bb -on peut dire que c\u2019en est une dans ces cas-l\u00e0, m\u2019a d\u2019abord fait perdre mon travail : secr\u00e9taire de direction dans un [&hellip;]\" \/>\n<meta property=\"og:url\" content=\"https:\/\/mediagoras.fr\/exemple\/2026\/07\/03\/temoignage-de-michelle\/\" \/>\n<meta property=\"og:site_name\" content=\"M\u00e9diagoras Lyon\" \/>\n<meta property=\"article:published_time\" content=\"2026-07-03T19:18:04+00:00\" \/>\n<meta property=\"article:modified_time\" content=\"2026-07-05T12:18:48+00:00\" \/>\n<meta property=\"og:image\" content=\"http:\/\/mediagoras.fr\/exemple\/files\/2026\/07\/Temoignage-de-Michelle.jpg\" \/>\n\t<meta property=\"og:image:width\" content=\"1000\" \/>\n\t<meta property=\"og:image:height\" content=\"667\" \/>\n\t<meta property=\"og:image:type\" content=\"image\/jpeg\" \/>\n<meta name=\"author\" content=\"M\u00e9diagora Lyon\" \/>\n<meta name=\"twitter:card\" content=\"summary_large_image\" \/>\n<meta name=\"twitter:label1\" content=\"\u00c9crit par\" \/>\n\t<meta name=\"twitter:data1\" content=\"M\u00e9diagora Lyon\" \/>\n\t<meta name=\"twitter:label2\" content=\"Dur\u00e9e de lecture estim\u00e9e\" \/>\n\t<meta name=\"twitter:data2\" content=\"7 minutes\" \/>\n<script type=\"application\/ld+json\" class=\"yoast-schema-graph\">{\"@context\":\"https:\\\/\\\/schema.org\",\"@graph\":[{\"@type\":\"Article\",\"@id\":\"https:\\\/\\\/mediagoras.fr\\\/exemple\\\/2026\\\/07\\\/03\\\/temoignage-de-michelle\\\/#article\",\"isPartOf\":{\"@id\":\"https:\\\/\\\/mediagoras.fr\\\/exemple\\\/2026\\\/07\\\/03\\\/temoignage-de-michelle\\\/\"},\"author\":{\"name\":\"M\u00e9diagora Lyon\",\"@id\":\"https:\\\/\\\/mediagoras.fr\\\/exemple\\\/#\\\/schema\\\/person\\\/b1dca128dd8d4a1ccdf6fc4cdf405c4d\"},\"headline\":\"T\u00e9moignage de Michelle\",\"datePublished\":\"2026-07-03T19:18:04+00:00\",\"dateModified\":\"2026-07-05T12:18:48+00:00\",\"mainEntityOfPage\":{\"@id\":\"https:\\\/\\\/mediagoras.fr\\\/exemple\\\/2026\\\/07\\\/03\\\/temoignage-de-michelle\\\/\"},\"wordCount\":1366,\"commentCount\":0,\"image\":{\"@id\":\"https:\\\/\\\/mediagoras.fr\\\/exemple\\\/2026\\\/07\\\/03\\\/temoignage-de-michelle\\\/#primaryimage\"},\"thumbnailUrl\":\"https:\\\/\\\/mediagoras.fr\\\/exemple\\\/files\\\/2026\\\/07\\\/Temoignage-de-Michelle.jpg\",\"articleSection\":[\"T\u00e9moignages\"],\"inLanguage\":\"fr-FR\",\"potentialAction\":[{\"@type\":\"CommentAction\",\"name\":\"Comment\",\"target\":[\"https:\\\/\\\/mediagoras.fr\\\/exemple\\\/2026\\\/07\\\/03\\\/temoignage-de-michelle\\\/#respond\"]}]},{\"@type\":\"WebPage\",\"@id\":\"https:\\\/\\\/mediagoras.fr\\\/exemple\\\/2026\\\/07\\\/03\\\/temoignage-de-michelle\\\/\",\"url\":\"https:\\\/\\\/mediagoras.fr\\\/exemple\\\/2026\\\/07\\\/03\\\/temoignage-de-michelle\\\/\",\"name\":\"T\u00e9moignage de Michelle - M\u00e9diagoras Lyon\",\"isPartOf\":{\"@id\":\"https:\\\/\\\/mediagoras.fr\\\/exemple\\\/#website\"},\"primaryImageOfPage\":{\"@id\":\"https:\\\/\\\/mediagoras.fr\\\/exemple\\\/2026\\\/07\\\/03\\\/temoignage-de-michelle\\\/#primaryimage\"},\"image\":{\"@id\":\"https:\\\/\\\/mediagoras.fr\\\/exemple\\\/2026\\\/07\\\/03\\\/temoignage-de-michelle\\\/#primaryimage\"},\"thumbnailUrl\":\"https:\\\/\\\/mediagoras.fr\\\/exemple\\\/files\\\/2026\\\/07\\\/Temoignage-de-Michelle.jpg\",\"datePublished\":\"2026-07-03T19:18:04+00:00\",\"dateModified\":\"2026-07-05T12:18:48+00:00\",\"author\":{\"@id\":\"https:\\\/\\\/mediagoras.fr\\\/exemple\\\/#\\\/schema\\\/person\\\/b1dca128dd8d4a1ccdf6fc4cdf405c4d\"},\"breadcrumb\":{\"@id\":\"https:\\\/\\\/mediagoras.fr\\\/exemple\\\/2026\\\/07\\\/03\\\/temoignage-de-michelle\\\/#breadcrumb\"},\"inLanguage\":\"fr-FR\",\"potentialAction\":[{\"@type\":\"ReadAction\",\"target\":[\"https:\\\/\\\/mediagoras.fr\\\/exemple\\\/2026\\\/07\\\/03\\\/temoignage-de-michelle\\\/\"]}]},{\"@type\":\"ImageObject\",\"inLanguage\":\"fr-FR\",\"@id\":\"https:\\\/\\\/mediagoras.fr\\\/exemple\\\/2026\\\/07\\\/03\\\/temoignage-de-michelle\\\/#primaryimage\",\"url\":\"https:\\\/\\\/mediagoras.fr\\\/exemple\\\/files\\\/2026\\\/07\\\/Temoignage-de-Michelle.jpg\",\"contentUrl\":\"https:\\\/\\\/mediagoras.fr\\\/exemple\\\/files\\\/2026\\\/07\\\/Temoignage-de-Michelle.jpg\",\"width\":1000,\"height\":667},{\"@type\":\"BreadcrumbList\",\"@id\":\"https:\\\/\\\/mediagoras.fr\\\/exemple\\\/2026\\\/07\\\/03\\\/temoignage-de-michelle\\\/#breadcrumb\",\"itemListElement\":[{\"@type\":\"ListItem\",\"position\":1,\"name\":\"Accueil\",\"item\":\"https:\\\/\\\/mediagoras.fr\\\/exemple\\\/\"},{\"@type\":\"ListItem\",\"position\":2,\"name\":\"T\u00e9moignage de Michelle\"}]},{\"@type\":\"WebSite\",\"@id\":\"https:\\\/\\\/mediagoras.fr\\\/exemple\\\/#website\",\"url\":\"https:\\\/\\\/mediagoras.fr\\\/exemple\\\/\",\"name\":\"M\u00e9diagoras Lyon\",\"description\":\"Un site utilisant R\u00e9seau Mediagora\",\"potentialAction\":[{\"@type\":\"SearchAction\",\"target\":{\"@type\":\"EntryPoint\",\"urlTemplate\":\"https:\\\/\\\/mediagoras.fr\\\/exemple\\\/?s={search_term_string}\"},\"query-input\":{\"@type\":\"PropertyValueSpecification\",\"valueRequired\":true,\"valueName\":\"search_term_string\"}}],\"inLanguage\":\"fr-FR\"},{\"@type\":\"Person\",\"@id\":\"https:\\\/\\\/mediagoras.fr\\\/exemple\\\/#\\\/schema\\\/person\\\/b1dca128dd8d4a1ccdf6fc4cdf405c4d\",\"name\":\"M\u00e9diagora Lyon\",\"image\":{\"@type\":\"ImageObject\",\"inLanguage\":\"fr-FR\",\"@id\":\"https:\\\/\\\/secure.gravatar.com\\\/avatar\\\/19de2636eee3080ff42976ddb42c9b880770cb02c6bfcbabafb91274f7740767?s=96&d=mm&r=g\",\"url\":\"https:\\\/\\\/secure.gravatar.com\\\/avatar\\\/19de2636eee3080ff42976ddb42c9b880770cb02c6bfcbabafb91274f7740767?s=96&d=mm&r=g\",\"contentUrl\":\"https:\\\/\\\/secure.gravatar.com\\\/avatar\\\/19de2636eee3080ff42976ddb42c9b880770cb02c6bfcbabafb91274f7740767?s=96&d=mm&r=g\",\"caption\":\"M\u00e9diagora Lyon\"},\"url\":\"https:\\\/\\\/mediagoras.fr\\\/exemple\\\/author\\\/tolita\\\/\"}]}<\/script>\n<!-- \/ Yoast SEO plugin. -->","yoast_head_json":{"title":"T\u00e9moignage de Michelle - M\u00e9diagoras Lyon","robots":{"index":"index","follow":"follow","max-snippet":"max-snippet:-1","max-image-preview":"max-image-preview:large","max-video-preview":"max-video-preview:-1"},"canonical":"https:\/\/mediagoras.fr\/exemple\/2026\/07\/03\/temoignage-de-michelle\/","og_locale":"fr_FR","og_type":"article","og_title":"T\u00e9moignage de Michelle - M\u00e9diagoras Lyon","og_description":"Bonjour \u00e0 toutes et \u00e0 tous, J\u2019ai \u00e9t\u00e9 tr\u00e8s fortement touch\u00e9e par l\u2019agoraphobie ainsi que la phobie sociale associ\u00e9e. Voici quelle \u00e9tait ma situation, il y a encore quelques ann\u00e9es : Ma \u00ab\u00a0maladie\u00a0\u00bb -on peut dire que c\u2019en est une dans ces cas-l\u00e0, m\u2019a d\u2019abord fait perdre mon travail : secr\u00e9taire de direction dans un [&hellip;]","og_url":"https:\/\/mediagoras.fr\/exemple\/2026\/07\/03\/temoignage-de-michelle\/","og_site_name":"M\u00e9diagoras Lyon","article_published_time":"2026-07-03T19:18:04+00:00","article_modified_time":"2026-07-05T12:18:48+00:00","og_image":[{"width":1000,"height":667,"url":"http:\/\/mediagoras.fr\/exemple\/files\/2026\/07\/Temoignage-de-Michelle.jpg","type":"image\/jpeg"}],"author":"M\u00e9diagora Lyon","twitter_card":"summary_large_image","twitter_misc":{"\u00c9crit par":"M\u00e9diagora Lyon","Dur\u00e9e de lecture estim\u00e9e":"7 minutes"},"schema":{"@context":"https:\/\/schema.org","@graph":[{"@type":"Article","@id":"https:\/\/mediagoras.fr\/exemple\/2026\/07\/03\/temoignage-de-michelle\/#article","isPartOf":{"@id":"https:\/\/mediagoras.fr\/exemple\/2026\/07\/03\/temoignage-de-michelle\/"},"author":{"name":"M\u00e9diagora Lyon","@id":"https:\/\/mediagoras.fr\/exemple\/#\/schema\/person\/b1dca128dd8d4a1ccdf6fc4cdf405c4d"},"headline":"T\u00e9moignage de Michelle","datePublished":"2026-07-03T19:18:04+00:00","dateModified":"2026-07-05T12:18:48+00:00","mainEntityOfPage":{"@id":"https:\/\/mediagoras.fr\/exemple\/2026\/07\/03\/temoignage-de-michelle\/"},"wordCount":1366,"commentCount":0,"image":{"@id":"https:\/\/mediagoras.fr\/exemple\/2026\/07\/03\/temoignage-de-michelle\/#primaryimage"},"thumbnailUrl":"https:\/\/mediagoras.fr\/exemple\/files\/2026\/07\/Temoignage-de-Michelle.jpg","articleSection":["T\u00e9moignages"],"inLanguage":"fr-FR","potentialAction":[{"@type":"CommentAction","name":"Comment","target":["https:\/\/mediagoras.fr\/exemple\/2026\/07\/03\/temoignage-de-michelle\/#respond"]}]},{"@type":"WebPage","@id":"https:\/\/mediagoras.fr\/exemple\/2026\/07\/03\/temoignage-de-michelle\/","url":"https:\/\/mediagoras.fr\/exemple\/2026\/07\/03\/temoignage-de-michelle\/","name":"T\u00e9moignage de Michelle - M\u00e9diagoras Lyon","isPartOf":{"@id":"https:\/\/mediagoras.fr\/exemple\/#website"},"primaryImageOfPage":{"@id":"https:\/\/mediagoras.fr\/exemple\/2026\/07\/03\/temoignage-de-michelle\/#primaryimage"},"image":{"@id":"https:\/\/mediagoras.fr\/exemple\/2026\/07\/03\/temoignage-de-michelle\/#primaryimage"},"thumbnailUrl":"https:\/\/mediagoras.fr\/exemple\/files\/2026\/07\/Temoignage-de-Michelle.jpg","datePublished":"2026-07-03T19:18:04+00:00","dateModified":"2026-07-05T12:18:48+00:00","author":{"@id":"https:\/\/mediagoras.fr\/exemple\/#\/schema\/person\/b1dca128dd8d4a1ccdf6fc4cdf405c4d"},"breadcrumb":{"@id":"https:\/\/mediagoras.fr\/exemple\/2026\/07\/03\/temoignage-de-michelle\/#breadcrumb"},"inLanguage":"fr-FR","potentialAction":[{"@type":"ReadAction","target":["https:\/\/mediagoras.fr\/exemple\/2026\/07\/03\/temoignage-de-michelle\/"]}]},{"@type":"ImageObject","inLanguage":"fr-FR","@id":"https:\/\/mediagoras.fr\/exemple\/2026\/07\/03\/temoignage-de-michelle\/#primaryimage","url":"https:\/\/mediagoras.fr\/exemple\/files\/2026\/07\/Temoignage-de-Michelle.jpg","contentUrl":"https:\/\/mediagoras.fr\/exemple\/files\/2026\/07\/Temoignage-de-Michelle.jpg","width":1000,"height":667},{"@type":"BreadcrumbList","@id":"https:\/\/mediagoras.fr\/exemple\/2026\/07\/03\/temoignage-de-michelle\/#breadcrumb","itemListElement":[{"@type":"ListItem","position":1,"name":"Accueil","item":"https:\/\/mediagoras.fr\/exemple\/"},{"@type":"ListItem","position":2,"name":"T\u00e9moignage de Michelle"}]},{"@type":"WebSite","@id":"https:\/\/mediagoras.fr\/exemple\/#website","url":"https:\/\/mediagoras.fr\/exemple\/","name":"M\u00e9diagoras Lyon","description":"Un site utilisant R\u00e9seau Mediagora","potentialAction":[{"@type":"SearchAction","target":{"@type":"EntryPoint","urlTemplate":"https:\/\/mediagoras.fr\/exemple\/?s={search_term_string}"},"query-input":{"@type":"PropertyValueSpecification","valueRequired":true,"valueName":"search_term_string"}}],"inLanguage":"fr-FR"},{"@type":"Person","@id":"https:\/\/mediagoras.fr\/exemple\/#\/schema\/person\/b1dca128dd8d4a1ccdf6fc4cdf405c4d","name":"M\u00e9diagora Lyon","image":{"@type":"ImageObject","inLanguage":"fr-FR","@id":"https:\/\/secure.gravatar.com\/avatar\/19de2636eee3080ff42976ddb42c9b880770cb02c6bfcbabafb91274f7740767?s=96&d=mm&r=g","url":"https:\/\/secure.gravatar.com\/avatar\/19de2636eee3080ff42976ddb42c9b880770cb02c6bfcbabafb91274f7740767?s=96&d=mm&r=g","contentUrl":"https:\/\/secure.gravatar.com\/avatar\/19de2636eee3080ff42976ddb42c9b880770cb02c6bfcbabafb91274f7740767?s=96&d=mm&r=g","caption":"M\u00e9diagora Lyon"},"url":"https:\/\/mediagoras.fr\/exemple\/author\/tolita\/"}]}},"_links":{"self":[{"href":"https:\/\/mediagoras.fr\/exemple\/wp-json\/wp\/v2\/posts\/3230","targetHints":{"allow":["GET"]}}],"collection":[{"href":"https:\/\/mediagoras.fr\/exemple\/wp-json\/wp\/v2\/posts"}],"about":[{"href":"https:\/\/mediagoras.fr\/exemple\/wp-json\/wp\/v2\/types\/post"}],"author":[{"embeddable":true,"href":"https:\/\/mediagoras.fr\/exemple\/wp-json\/wp\/v2\/users\/38"}],"replies":[{"embeddable":true,"href":"https:\/\/mediagoras.fr\/exemple\/wp-json\/wp\/v2\/comments?post=3230"}],"version-history":[{"count":4,"href":"https:\/\/mediagoras.fr\/exemple\/wp-json\/wp\/v2\/posts\/3230\/revisions"}],"predecessor-version":[{"id":3327,"href":"https:\/\/mediagoras.fr\/exemple\/wp-json\/wp\/v2\/posts\/3230\/revisions\/3327"}],"wp:featuredmedia":[{"embeddable":true,"href":"https:\/\/mediagoras.fr\/exemple\/wp-json\/wp\/v2\/media\/3326"}],"wp:attachment":[{"href":"https:\/\/mediagoras.fr\/exemple\/wp-json\/wp\/v2\/media?parent=3230"}],"wp:term":[{"taxonomy":"category","embeddable":true,"href":"https:\/\/mediagoras.fr\/exemple\/wp-json\/wp\/v2\/categories?post=3230"},{"taxonomy":"post_tag","embeddable":true,"href":"https:\/\/mediagoras.fr\/exemple\/wp-json\/wp\/v2\/tags?post=3230"}],"curies":[{"name":"wp","href":"https:\/\/api.w.org\/{rel}","templated":true}]}}