{"id":3279,"date":"2026-07-04T19:31:01","date_gmt":"2026-07-04T17:31:01","guid":{"rendered":"https:\/\/mediagoras.fr\/exemple\/?p=3279"},"modified":"2026-07-05T14:19:34","modified_gmt":"2026-07-05T12:19:34","slug":"temoignage-de-vanessa","status":"publish","type":"post","link":"https:\/\/mediagoras.fr\/exemple\/2026\/07\/04\/temoignage-de-vanessa\/","title":{"rendered":"T\u00e9moignage de Vanessa"},"content":{"rendered":"[et_pb_section fb_built=\u00a0\u00bb1&Prime; _builder_version=\u00a0\u00bb4.27.6&Prime; _module_preset=\u00a0\u00bbdefault\u00a0\u00bb global_colors_info=\u00a0\u00bb{}\u00a0\u00bb][et_pb_row _builder_version=\u00a0\u00bb4.27.6&Prime; _module_preset=\u00a0\u00bbdefault\u00a0\u00bb global_colors_info=\u00a0\u00bb{}\u00a0\u00bb][et_pb_column type=\u00a0\u00bb4_4&Prime; _builder_version=\u00a0\u00bb4.27.6&Prime; _module_preset=\u00a0\u00bbdefault\u00a0\u00bb global_colors_info=\u00a0\u00bb{}\u00a0\u00bb][et_pb_text _builder_version=\u00a0\u00bb4.27.6&Prime; _module_preset=\u00a0\u00bbdefault\u00a0\u00bb global_colors_info=\u00a0\u00bb{}\u00a0\u00bb]Bonjour,<\/p>\n<p>je suis \u00e9tudiante, j\u2019ai 21 ans, et j\u2019ai fr\u00e9quent\u00e9 les rencontres M\u00e9diagora durant environ 2 ans jusqu\u2019en mai 2009.<\/p>\n<p>Je souhaite vous expliquer la nouvelle et premi\u00e8re vraie th\u00e9rapie que j\u2019ai entam\u00e9e; M\u00e9diagora m\u2019a beaucoup aid\u00e9 \u00e0 prendre conscience et \u00e0 att\u00e9nuer mes troubles anxieux d\u00fbs \u00e0 la phobie sociale, mais j\u2019ai d\u00e9cid\u00e9 d\u2019aller plus loin et de faire une th\u00e9rapie; j\u2019ai beaucoup h\u00e9sit\u00e9 avec la TCC, mais finalement j\u2019ai choisi la solution \u00e0 laquelle je pensais depuis longtemps et la plus proche de chez moi: l\u2019hypnose \u00e9ricksonienne.<\/p>\n<p>Je consulte donc une psychoth\u00e9rapeute en th\u00e9rapies br\u00e8ves, dipl\u00f4m\u00e9e de l\u2019INLPTA, praticienne certifi\u00e9e en hypnose \u00e9ricksonienne, INESS et PNL, pour phobie sociale, et ce qui va avec (pour ma part):<br \/>\n-\u00e9rythrophobie (en psychologie, crainte excessive \u00e0 caract\u00e8re pathologique de rougir en public)<br \/>\n-anxi\u00e9t\u00e9 g\u00e9n\u00e9ralis\u00e9e<br \/>\n-pour \u00e9viter le ph\u00e9nom\u00e8ne psychosomatique du trouble panique<br \/>\n-mauvaise estime de soi<br \/>\n\u2013 etc.<\/p>\n<p>J\u2019attendais de voir les progr\u00e8s avant de vous en parlez. Alors voil\u00e0:<\/p>\n<p>Au d\u00e9but de chaque s\u00e9ance, je lui explique comment j\u2019ai v\u00e9cu les diff\u00e9rents \u00e9venements de la semaine, et cette femme tr\u00e8s dynamique analyse avec moi ce qui se passe, comment je dois faire pour me sentir mieux;<br \/>\nelle rappelle qu\u2019un travail sur soi est n\u00e9cessaire: il fallait me convaincre moi-m\u00eame que je ne suis pas \u00ab inf\u00e9rieure \u00bb, que je suis pleine de ressources, que je veux m\u2019en sortir, pour que mon inconscient cesse de s\u2019habituer \u00e0 des pens\u00e9es n\u00e9gatives, sinon la th\u00e9rapie ne fonctionne pas.<\/p>\n<p>Puis nous commen\u00e7ons les s\u00e9ances; il faut bien se renseigner sur le fonctionnement de l\u2019hypnose \u00e9ricksonienne pour comprendre que ce n\u2019est pas un \u00e9tat d\u2019hypnose comme on le voit dans les spectacles par exemple, mais de la sophrologie encore plus pouss\u00e9e (du moins je l\u2019ai ressenti comme \u00e7a), pour faire tout un travail sur soi et pour que l\u2019inconscient entende les paroles b\u00e9n\u00e9fiques de la psychoth\u00e9rapeute.<\/p>\n<p>C\u2019est un peu complexe \u00e0 expliquer, mais les effets commencent vraiment \u00e0 se faire ressentir; rien de miraculeux bien s\u00fbr, mais de petits pas chaque jour: je me sens plus \u00e0 l\u2019aise pour non plus \u00ab affronter \u00bb les autres mais leur parler et participer tout simplement \u00e0 une conversation.<br \/>\nIl y a encore beaucoup de travail, mais je pense avoir bien progress\u00e9.<\/p>\n<p>Cette psychoth\u00e9rapeute a pr\u00e9vu d\u00e8s janvier de faire des s\u00e9ances non plus seulement individuelles mais de groupe avec ses patients \u00ab phobiques sociaux \u00bb (enfin je ne devrais pas dire \u00e7a car il ne faut pas se cat\u00e9goriser, \u00e7a fait partie de la th\u00e9rapie) pour arriver \u00e0 parler de tout et de rien en groupe, le samedi matin.<\/p>\n<p>Elle est tr\u00e8s efficace, et m\u2019a extr\u00e8mement bien cern\u00e9e et tr\u00e8s vite. En quelques s\u00e9ances, j\u2019ai compris des choses que je n\u2019avais pas r\u00e9alis\u00e9es durant toutes ces ann\u00e9es, et surtout je m\u2019affirme petit \u00e0 petit et j\u2019avance un pas apr\u00e8s l\u2019autre.<\/p>\n<p>Mais bien s\u00fbr ce n\u2019est qu\u2019une th\u00e9rapie parmi d\u2019autres, et comme d\u2019autres l\u2019on rappel\u00e9: \u00e0 chaque patient son praticien, et \u00e0 chaque cas sa th\u00e9rapie. Je voulais simplement vous faire partager mon exp\u00e9rience positive!! Comme le dit ma psy, la phobie sociale (ou autre trouble) est un comportement passager (m\u00eame s\u2019il peut durer longtemps) mais en aucun cas elle ne fait partie de sa personnalit\u00e9, de son caract\u00e8re, donc tout peut changer!<\/p>\n<p>Pour plus d\u2019informations, vous pouvez chercher sur wikipedia (ou d\u2019autres sites):<\/p>\n<p>-La PNL: programmation neuro linguistique, reconnue et pratiqu\u00e9e par de nombreux psychoth\u00e9rapeuthes.<\/p>\n<p>-l\u2019INESS: int\u00e9gration neuro \u00e9motionnelle \u00e0 l\u2019aide de stimuli sensoriels (bien mettre l\u2019expression entre guillemets sur le moteur de recherche);<\/p>\n<p>en lien avec l\u2019EMDR: L\u2019Eye Movement Desensitization and Reprocessing (suite au syndrome post traumatique).<\/p>\n<p>Vanessa<br \/>\n[\/et_pb_text][\/et_pb_column][\/et_pb_row][\/et_pb_section]\n","protected":false},"excerpt":{"rendered":"<p>Bonjour, je suis \u00e9tudiante, j\u2019ai 21 ans, et j\u2019ai fr\u00e9quent\u00e9 les rencontres M\u00e9diagora durant environ 2 ans jusqu\u2019en mai 2009. Je souhaite vous expliquer la nouvelle et premi\u00e8re vraie th\u00e9rapie que j\u2019ai entam\u00e9e; M\u00e9diagora m\u2019a beaucoup aid\u00e9 \u00e0 prendre conscience et \u00e0 att\u00e9nuer mes troubles anxieux d\u00fbs \u00e0 la phobie sociale, mais j\u2019ai d\u00e9cid\u00e9 d\u2019aller [&hellip;]<\/p>\n","protected":false},"author":38,"featured_media":3328,"comment_status":"open","ping_status":"open","sticky":false,"template":"","format":"standard","meta":{"_et_pb_use_builder":"on","_et_pb_old_content":"","_et_gb_content_width":"","footnotes":""},"categories":[15],"tags":[],"class_list":["post-3279","post","type-post","status-publish","format-standard","has-post-thumbnail","hentry","category-temoignages"],"yoast_head":"<!-- This site is optimized with the Yoast SEO plugin v28.3 - https:\/\/yoast.com\/product\/yoast-seo-wordpress\/ -->\n<title>T\u00e9moignage de Vanessa - M\u00e9diagoras Lyon<\/title>\n<meta name=\"robots\" content=\"index, follow, max-snippet:-1, max-image-preview:large, max-video-preview:-1\" \/>\n<link rel=\"canonical\" href=\"https:\/\/mediagoras.fr\/exemple\/2026\/07\/04\/temoignage-de-vanessa\/\" \/>\n<meta property=\"og:locale\" content=\"fr_FR\" \/>\n<meta property=\"og:type\" content=\"article\" \/>\n<meta property=\"og:title\" content=\"T\u00e9moignage de Vanessa - M\u00e9diagoras Lyon\" \/>\n<meta property=\"og:description\" content=\"Bonjour, je suis \u00e9tudiante, j\u2019ai 21 ans, et j\u2019ai fr\u00e9quent\u00e9 les rencontres M\u00e9diagora durant environ 2 ans jusqu\u2019en mai 2009. Je souhaite vous expliquer la nouvelle et premi\u00e8re vraie th\u00e9rapie que j\u2019ai entam\u00e9e; M\u00e9diagora m\u2019a beaucoup aid\u00e9 \u00e0 prendre conscience et \u00e0 att\u00e9nuer mes troubles anxieux d\u00fbs \u00e0 la phobie sociale, mais j\u2019ai d\u00e9cid\u00e9 d\u2019aller [&hellip;]\" \/>\n<meta property=\"og:url\" content=\"https:\/\/mediagoras.fr\/exemple\/2026\/07\/04\/temoignage-de-vanessa\/\" \/>\n<meta property=\"og:site_name\" content=\"M\u00e9diagoras Lyon\" \/>\n<meta property=\"article:published_time\" content=\"2026-07-04T17:31:01+00:00\" \/>\n<meta property=\"article:modified_time\" content=\"2026-07-05T12:19:34+00:00\" \/>\n<meta property=\"og:image\" content=\"http:\/\/mediagoras.fr\/exemple\/files\/2026\/07\/Temoignage-de-Vanessa.jpg\" \/>\n\t<meta property=\"og:image:width\" content=\"1000\" \/>\n\t<meta property=\"og:image:height\" content=\"667\" \/>\n\t<meta property=\"og:image:type\" content=\"image\/jpeg\" \/>\n<meta name=\"author\" content=\"M\u00e9diagora Lyon\" \/>\n<meta name=\"twitter:card\" content=\"summary_large_image\" \/>\n<meta name=\"twitter:label1\" content=\"\u00c9crit par\" \/>\n\t<meta name=\"twitter:data1\" content=\"M\u00e9diagora Lyon\" \/>\n\t<meta name=\"twitter:label2\" content=\"Dur\u00e9e de lecture estim\u00e9e\" \/>\n\t<meta name=\"twitter:data2\" content=\"4 minutes\" \/>\n<script type=\"application\/ld+json\" class=\"yoast-schema-graph\">{\"@context\":\"https:\\\/\\\/schema.org\",\"@graph\":[{\"@type\":\"Article\",\"@id\":\"https:\\\/\\\/mediagoras.fr\\\/exemple\\\/2026\\\/07\\\/04\\\/temoignage-de-vanessa\\\/#article\",\"isPartOf\":{\"@id\":\"https:\\\/\\\/mediagoras.fr\\\/exemple\\\/2026\\\/07\\\/04\\\/temoignage-de-vanessa\\\/\"},\"author\":{\"name\":\"M\u00e9diagora Lyon\",\"@id\":\"https:\\\/\\\/mediagoras.fr\\\/exemple\\\/#\\\/schema\\\/person\\\/b1dca128dd8d4a1ccdf6fc4cdf405c4d\"},\"headline\":\"T\u00e9moignage de Vanessa\",\"datePublished\":\"2026-07-04T17:31:01+00:00\",\"dateModified\":\"2026-07-05T12:19:34+00:00\",\"mainEntityOfPage\":{\"@id\":\"https:\\\/\\\/mediagoras.fr\\\/exemple\\\/2026\\\/07\\\/04\\\/temoignage-de-vanessa\\\/\"},\"wordCount\":750,\"commentCount\":0,\"image\":{\"@id\":\"https:\\\/\\\/mediagoras.fr\\\/exemple\\\/2026\\\/07\\\/04\\\/temoignage-de-vanessa\\\/#primaryimage\"},\"thumbnailUrl\":\"https:\\\/\\\/mediagoras.fr\\\/exemple\\\/files\\\/2026\\\/07\\\/Temoignage-de-Vanessa.jpg\",\"articleSection\":[\"T\u00e9moignages\"],\"inLanguage\":\"fr-FR\",\"potentialAction\":[{\"@type\":\"CommentAction\",\"name\":\"Comment\",\"target\":[\"https:\\\/\\\/mediagoras.fr\\\/exemple\\\/2026\\\/07\\\/04\\\/temoignage-de-vanessa\\\/#respond\"]}]},{\"@type\":\"WebPage\",\"@id\":\"https:\\\/\\\/mediagoras.fr\\\/exemple\\\/2026\\\/07\\\/04\\\/temoignage-de-vanessa\\\/\",\"url\":\"https:\\\/\\\/mediagoras.fr\\\/exemple\\\/2026\\\/07\\\/04\\\/temoignage-de-vanessa\\\/\",\"name\":\"T\u00e9moignage de Vanessa - M\u00e9diagoras Lyon\",\"isPartOf\":{\"@id\":\"https:\\\/\\\/mediagoras.fr\\\/exemple\\\/#website\"},\"primaryImageOfPage\":{\"@id\":\"https:\\\/\\\/mediagoras.fr\\\/exemple\\\/2026\\\/07\\\/04\\\/temoignage-de-vanessa\\\/#primaryimage\"},\"image\":{\"@id\":\"https:\\\/\\\/mediagoras.fr\\\/exemple\\\/2026\\\/07\\\/04\\\/temoignage-de-vanessa\\\/#primaryimage\"},\"thumbnailUrl\":\"https:\\\/\\\/mediagoras.fr\\\/exemple\\\/files\\\/2026\\\/07\\\/Temoignage-de-Vanessa.jpg\",\"datePublished\":\"2026-07-04T17:31:01+00:00\",\"dateModified\":\"2026-07-05T12:19:34+00:00\",\"author\":{\"@id\":\"https:\\\/\\\/mediagoras.fr\\\/exemple\\\/#\\\/schema\\\/person\\\/b1dca128dd8d4a1ccdf6fc4cdf405c4d\"},\"breadcrumb\":{\"@id\":\"https:\\\/\\\/mediagoras.fr\\\/exemple\\\/2026\\\/07\\\/04\\\/temoignage-de-vanessa\\\/#breadcrumb\"},\"inLanguage\":\"fr-FR\",\"potentialAction\":[{\"@type\":\"ReadAction\",\"target\":[\"https:\\\/\\\/mediagoras.fr\\\/exemple\\\/2026\\\/07\\\/04\\\/temoignage-de-vanessa\\\/\"]}]},{\"@type\":\"ImageObject\",\"inLanguage\":\"fr-FR\",\"@id\":\"https:\\\/\\\/mediagoras.fr\\\/exemple\\\/2026\\\/07\\\/04\\\/temoignage-de-vanessa\\\/#primaryimage\",\"url\":\"https:\\\/\\\/mediagoras.fr\\\/exemple\\\/files\\\/2026\\\/07\\\/Temoignage-de-Vanessa.jpg\",\"contentUrl\":\"https:\\\/\\\/mediagoras.fr\\\/exemple\\\/files\\\/2026\\\/07\\\/Temoignage-de-Vanessa.jpg\",\"width\":1000,\"height\":667},{\"@type\":\"BreadcrumbList\",\"@id\":\"https:\\\/\\\/mediagoras.fr\\\/exemple\\\/2026\\\/07\\\/04\\\/temoignage-de-vanessa\\\/#breadcrumb\",\"itemListElement\":[{\"@type\":\"ListItem\",\"position\":1,\"name\":\"Accueil\",\"item\":\"https:\\\/\\\/mediagoras.fr\\\/exemple\\\/\"},{\"@type\":\"ListItem\",\"position\":2,\"name\":\"T\u00e9moignage de Vanessa\"}]},{\"@type\":\"WebSite\",\"@id\":\"https:\\\/\\\/mediagoras.fr\\\/exemple\\\/#website\",\"url\":\"https:\\\/\\\/mediagoras.fr\\\/exemple\\\/\",\"name\":\"M\u00e9diagoras Lyon\",\"description\":\"Un site utilisant R\u00e9seau Mediagora\",\"potentialAction\":[{\"@type\":\"SearchAction\",\"target\":{\"@type\":\"EntryPoint\",\"urlTemplate\":\"https:\\\/\\\/mediagoras.fr\\\/exemple\\\/?s={search_term_string}\"},\"query-input\":{\"@type\":\"PropertyValueSpecification\",\"valueRequired\":true,\"valueName\":\"search_term_string\"}}],\"inLanguage\":\"fr-FR\"},{\"@type\":\"Person\",\"@id\":\"https:\\\/\\\/mediagoras.fr\\\/exemple\\\/#\\\/schema\\\/person\\\/b1dca128dd8d4a1ccdf6fc4cdf405c4d\",\"name\":\"M\u00e9diagora Lyon\",\"image\":{\"@type\":\"ImageObject\",\"inLanguage\":\"fr-FR\",\"@id\":\"https:\\\/\\\/secure.gravatar.com\\\/avatar\\\/19de2636eee3080ff42976ddb42c9b880770cb02c6bfcbabafb91274f7740767?s=96&d=mm&r=g\",\"url\":\"https:\\\/\\\/secure.gravatar.com\\\/avatar\\\/19de2636eee3080ff42976ddb42c9b880770cb02c6bfcbabafb91274f7740767?s=96&d=mm&r=g\",\"contentUrl\":\"https:\\\/\\\/secure.gravatar.com\\\/avatar\\\/19de2636eee3080ff42976ddb42c9b880770cb02c6bfcbabafb91274f7740767?s=96&d=mm&r=g\",\"caption\":\"M\u00e9diagora Lyon\"},\"url\":\"https:\\\/\\\/mediagoras.fr\\\/exemple\\\/author\\\/tolita\\\/\"}]}<\/script>\n<!-- \/ Yoast SEO plugin. -->","yoast_head_json":{"title":"T\u00e9moignage de Vanessa - M\u00e9diagoras Lyon","robots":{"index":"index","follow":"follow","max-snippet":"max-snippet:-1","max-image-preview":"max-image-preview:large","max-video-preview":"max-video-preview:-1"},"canonical":"https:\/\/mediagoras.fr\/exemple\/2026\/07\/04\/temoignage-de-vanessa\/","og_locale":"fr_FR","og_type":"article","og_title":"T\u00e9moignage de Vanessa - M\u00e9diagoras Lyon","og_description":"Bonjour, je suis \u00e9tudiante, j\u2019ai 21 ans, et j\u2019ai fr\u00e9quent\u00e9 les rencontres M\u00e9diagora durant environ 2 ans jusqu\u2019en mai 2009. Je souhaite vous expliquer la nouvelle et premi\u00e8re vraie th\u00e9rapie que j\u2019ai entam\u00e9e; M\u00e9diagora m\u2019a beaucoup aid\u00e9 \u00e0 prendre conscience et \u00e0 att\u00e9nuer mes troubles anxieux d\u00fbs \u00e0 la phobie sociale, mais j\u2019ai d\u00e9cid\u00e9 d\u2019aller [&hellip;]","og_url":"https:\/\/mediagoras.fr\/exemple\/2026\/07\/04\/temoignage-de-vanessa\/","og_site_name":"M\u00e9diagoras Lyon","article_published_time":"2026-07-04T17:31:01+00:00","article_modified_time":"2026-07-05T12:19:34+00:00","og_image":[{"width":1000,"height":667,"url":"http:\/\/mediagoras.fr\/exemple\/files\/2026\/07\/Temoignage-de-Vanessa.jpg","type":"image\/jpeg"}],"author":"M\u00e9diagora Lyon","twitter_card":"summary_large_image","twitter_misc":{"\u00c9crit par":"M\u00e9diagora Lyon","Dur\u00e9e de lecture estim\u00e9e":"4 minutes"},"schema":{"@context":"https:\/\/schema.org","@graph":[{"@type":"Article","@id":"https:\/\/mediagoras.fr\/exemple\/2026\/07\/04\/temoignage-de-vanessa\/#article","isPartOf":{"@id":"https:\/\/mediagoras.fr\/exemple\/2026\/07\/04\/temoignage-de-vanessa\/"},"author":{"name":"M\u00e9diagora Lyon","@id":"https:\/\/mediagoras.fr\/exemple\/#\/schema\/person\/b1dca128dd8d4a1ccdf6fc4cdf405c4d"},"headline":"T\u00e9moignage de Vanessa","datePublished":"2026-07-04T17:31:01+00:00","dateModified":"2026-07-05T12:19:34+00:00","mainEntityOfPage":{"@id":"https:\/\/mediagoras.fr\/exemple\/2026\/07\/04\/temoignage-de-vanessa\/"},"wordCount":750,"commentCount":0,"image":{"@id":"https:\/\/mediagoras.fr\/exemple\/2026\/07\/04\/temoignage-de-vanessa\/#primaryimage"},"thumbnailUrl":"https:\/\/mediagoras.fr\/exemple\/files\/2026\/07\/Temoignage-de-Vanessa.jpg","articleSection":["T\u00e9moignages"],"inLanguage":"fr-FR","potentialAction":[{"@type":"CommentAction","name":"Comment","target":["https:\/\/mediagoras.fr\/exemple\/2026\/07\/04\/temoignage-de-vanessa\/#respond"]}]},{"@type":"WebPage","@id":"https:\/\/mediagoras.fr\/exemple\/2026\/07\/04\/temoignage-de-vanessa\/","url":"https:\/\/mediagoras.fr\/exemple\/2026\/07\/04\/temoignage-de-vanessa\/","name":"T\u00e9moignage de Vanessa - M\u00e9diagoras Lyon","isPartOf":{"@id":"https:\/\/mediagoras.fr\/exemple\/#website"},"primaryImageOfPage":{"@id":"https:\/\/mediagoras.fr\/exemple\/2026\/07\/04\/temoignage-de-vanessa\/#primaryimage"},"image":{"@id":"https:\/\/mediagoras.fr\/exemple\/2026\/07\/04\/temoignage-de-vanessa\/#primaryimage"},"thumbnailUrl":"https:\/\/mediagoras.fr\/exemple\/files\/2026\/07\/Temoignage-de-Vanessa.jpg","datePublished":"2026-07-04T17:31:01+00:00","dateModified":"2026-07-05T12:19:34+00:00","author":{"@id":"https:\/\/mediagoras.fr\/exemple\/#\/schema\/person\/b1dca128dd8d4a1ccdf6fc4cdf405c4d"},"breadcrumb":{"@id":"https:\/\/mediagoras.fr\/exemple\/2026\/07\/04\/temoignage-de-vanessa\/#breadcrumb"},"inLanguage":"fr-FR","potentialAction":[{"@type":"ReadAction","target":["https:\/\/mediagoras.fr\/exemple\/2026\/07\/04\/temoignage-de-vanessa\/"]}]},{"@type":"ImageObject","inLanguage":"fr-FR","@id":"https:\/\/mediagoras.fr\/exemple\/2026\/07\/04\/temoignage-de-vanessa\/#primaryimage","url":"https:\/\/mediagoras.fr\/exemple\/files\/2026\/07\/Temoignage-de-Vanessa.jpg","contentUrl":"https:\/\/mediagoras.fr\/exemple\/files\/2026\/07\/Temoignage-de-Vanessa.jpg","width":1000,"height":667},{"@type":"BreadcrumbList","@id":"https:\/\/mediagoras.fr\/exemple\/2026\/07\/04\/temoignage-de-vanessa\/#breadcrumb","itemListElement":[{"@type":"ListItem","position":1,"name":"Accueil","item":"https:\/\/mediagoras.fr\/exemple\/"},{"@type":"ListItem","position":2,"name":"T\u00e9moignage de Vanessa"}]},{"@type":"WebSite","@id":"https:\/\/mediagoras.fr\/exemple\/#website","url":"https:\/\/mediagoras.fr\/exemple\/","name":"M\u00e9diagoras Lyon","description":"Un site utilisant R\u00e9seau Mediagora","potentialAction":[{"@type":"SearchAction","target":{"@type":"EntryPoint","urlTemplate":"https:\/\/mediagoras.fr\/exemple\/?s={search_term_string}"},"query-input":{"@type":"PropertyValueSpecification","valueRequired":true,"valueName":"search_term_string"}}],"inLanguage":"fr-FR"},{"@type":"Person","@id":"https:\/\/mediagoras.fr\/exemple\/#\/schema\/person\/b1dca128dd8d4a1ccdf6fc4cdf405c4d","name":"M\u00e9diagora Lyon","image":{"@type":"ImageObject","inLanguage":"fr-FR","@id":"https:\/\/secure.gravatar.com\/avatar\/19de2636eee3080ff42976ddb42c9b880770cb02c6bfcbabafb91274f7740767?s=96&d=mm&r=g","url":"https:\/\/secure.gravatar.com\/avatar\/19de2636eee3080ff42976ddb42c9b880770cb02c6bfcbabafb91274f7740767?s=96&d=mm&r=g","contentUrl":"https:\/\/secure.gravatar.com\/avatar\/19de2636eee3080ff42976ddb42c9b880770cb02c6bfcbabafb91274f7740767?s=96&d=mm&r=g","caption":"M\u00e9diagora Lyon"},"url":"https:\/\/mediagoras.fr\/exemple\/author\/tolita\/"}]}},"_links":{"self":[{"href":"https:\/\/mediagoras.fr\/exemple\/wp-json\/wp\/v2\/posts\/3279","targetHints":{"allow":["GET"]}}],"collection":[{"href":"https:\/\/mediagoras.fr\/exemple\/wp-json\/wp\/v2\/posts"}],"about":[{"href":"https:\/\/mediagoras.fr\/exemple\/wp-json\/wp\/v2\/types\/post"}],"author":[{"embeddable":true,"href":"https:\/\/mediagoras.fr\/exemple\/wp-json\/wp\/v2\/users\/38"}],"replies":[{"embeddable":true,"href":"https:\/\/mediagoras.fr\/exemple\/wp-json\/wp\/v2\/comments?post=3279"}],"version-history":[{"count":6,"href":"https:\/\/mediagoras.fr\/exemple\/wp-json\/wp\/v2\/posts\/3279\/revisions"}],"predecessor-version":[{"id":3329,"href":"https:\/\/mediagoras.fr\/exemple\/wp-json\/wp\/v2\/posts\/3279\/revisions\/3329"}],"wp:featuredmedia":[{"embeddable":true,"href":"https:\/\/mediagoras.fr\/exemple\/wp-json\/wp\/v2\/media\/3328"}],"wp:attachment":[{"href":"https:\/\/mediagoras.fr\/exemple\/wp-json\/wp\/v2\/media?parent=3279"}],"wp:term":[{"taxonomy":"category","embeddable":true,"href":"https:\/\/mediagoras.fr\/exemple\/wp-json\/wp\/v2\/categories?post=3279"},{"taxonomy":"post_tag","embeddable":true,"href":"https:\/\/mediagoras.fr\/exemple\/wp-json\/wp\/v2\/tags?post=3279"}],"curies":[{"name":"wp","href":"https:\/\/api.w.org\/{rel}","templated":true}]}}