{"id":3290,"date":"2026-07-04T22:12:42","date_gmt":"2026-07-04T20:12:42","guid":{"rendered":"https:\/\/mediagoras.fr\/exemple\/?p=3290"},"modified":"2026-07-04T22:13:03","modified_gmt":"2026-07-04T20:13:03","slug":"temoignage-de-sarah","status":"publish","type":"post","link":"https:\/\/mediagoras.fr\/exemple\/2026\/07\/04\/temoignage-de-sarah\/","title":{"rendered":"T\u00e9moignage de Sarah"},"content":{"rendered":"[et_pb_section fb_built=\u00a0\u00bb1&Prime; _builder_version=\u00a0\u00bb4.27.6&Prime; _module_preset=\u00a0\u00bbdefault\u00a0\u00bb global_colors_info=\u00a0\u00bb{}\u00a0\u00bb][et_pb_row _builder_version=\u00a0\u00bb4.27.6&Prime; _module_preset=\u00a0\u00bbdefault\u00a0\u00bb global_colors_info=\u00a0\u00bb{}\u00a0\u00bb][et_pb_column type=\u00a0\u00bb4_4&Prime; _builder_version=\u00a0\u00bb4.27.6&Prime; _module_preset=\u00a0\u00bbdefault\u00a0\u00bb global_colors_info=\u00a0\u00bb{}\u00a0\u00bb][et_pb_text _builder_version=\u00a0\u00bb4.27.6&Prime; _module_preset=\u00a0\u00bbdefault\u00a0\u00bb global_colors_info=\u00a0\u00bb{}\u00a0\u00bb]\n<header class=\"entry-header\">\n<div class=\"entry-meta\">Je vais beaucoup mieux.<\/div>\n<\/header>\n<div class=\"entry-content\">\n<p>Je ne suis plus anxieuse comme avant, du coup plus d\u2019attaque de panique. Je reste tr\u00e8s fragile et surtout tr\u00e8s peureuse, mais cela ne m\u2019emp\u00eache plus de vivre. Je continue une th\u00e9rapie dans le but de ne plus avoir ces peurs handicapantes, mais dans l\u2019ensemble je g\u00e8re.<\/p>\n<p>Je remercie sinc\u00e8rement tous les organisateurs de M\u00e9diagora pour leur aide et leur soutien. Vous \u00eates en bonne partie responsable de l\u2019am\u00e9lioration de mon \u00e9tat et ce n\u2019est pas rien.<\/p>\n<p>Bonne continuation \u00e0 tous.<\/p>\n<p>Sarah<\/p>\n<\/div>\n[\/et_pb_text][\/et_pb_column][\/et_pb_row][\/et_pb_section]\n","protected":false},"excerpt":{"rendered":"<p>Je vais beaucoup mieux. Je ne suis plus anxieuse comme avant, du coup plus d\u2019attaque de panique. Je reste tr\u00e8s fragile et surtout tr\u00e8s peureuse, mais cela ne m\u2019emp\u00eache plus de vivre. Je continue une th\u00e9rapie dans le but de ne plus avoir ces peurs handicapantes, mais dans l\u2019ensemble je g\u00e8re. Je remercie sinc\u00e8rement tous [&hellip;]<\/p>\n","protected":false},"author":38,"featured_media":3293,"comment_status":"open","ping_status":"open","sticky":false,"template":"","format":"standard","meta":{"_et_pb_use_builder":"on","_et_pb_old_content":"","_et_gb_content_width":"","footnotes":""},"categories":[15],"tags":[],"class_list":["post-3290","post","type-post","status-publish","format-standard","has-post-thumbnail","hentry","category-temoignages"],"yoast_head":"<!-- This site is optimized with the Yoast SEO plugin v28.3 - https:\/\/yoast.com\/product\/yoast-seo-wordpress\/ -->\n<title>T\u00e9moignage de Sarah - M\u00e9diagoras Lyon<\/title>\n<meta name=\"robots\" content=\"index, follow, max-snippet:-1, max-image-preview:large, max-video-preview:-1\" \/>\n<link rel=\"canonical\" href=\"https:\/\/mediagoras.fr\/exemple\/2026\/07\/04\/temoignage-de-sarah\/\" \/>\n<meta property=\"og:locale\" content=\"fr_FR\" \/>\n<meta property=\"og:type\" content=\"article\" \/>\n<meta property=\"og:title\" content=\"T\u00e9moignage de Sarah - M\u00e9diagoras Lyon\" \/>\n<meta property=\"og:description\" content=\"Je vais beaucoup mieux. Je ne suis plus anxieuse comme avant, du coup plus d\u2019attaque de panique. Je reste tr\u00e8s fragile et surtout tr\u00e8s peureuse, mais cela ne m\u2019emp\u00eache plus de vivre. Je continue une th\u00e9rapie dans le but de ne plus avoir ces peurs handicapantes, mais dans l\u2019ensemble je g\u00e8re. Je remercie sinc\u00e8rement tous [&hellip;]\" \/>\n<meta property=\"og:url\" content=\"https:\/\/mediagoras.fr\/exemple\/2026\/07\/04\/temoignage-de-sarah\/\" \/>\n<meta property=\"og:site_name\" content=\"M\u00e9diagoras Lyon\" \/>\n<meta property=\"article:published_time\" content=\"2026-07-04T20:12:42+00:00\" \/>\n<meta property=\"article:modified_time\" content=\"2026-07-04T20:13:03+00:00\" \/>\n<meta property=\"og:image\" content=\"http:\/\/mediagoras.fr\/exemple\/files\/2026\/07\/Temoignage-de-Sarah.jpg\" \/>\n\t<meta property=\"og:image:width\" content=\"1000\" \/>\n\t<meta property=\"og:image:height\" content=\"665\" \/>\n\t<meta property=\"og:image:type\" content=\"image\/jpeg\" \/>\n<meta name=\"author\" content=\"M\u00e9diagora Lyon\" \/>\n<meta name=\"twitter:card\" content=\"summary_large_image\" \/>\n<meta name=\"twitter:label1\" content=\"\u00c9crit par\" \/>\n\t<meta name=\"twitter:data1\" content=\"M\u00e9diagora Lyon\" \/>\n\t<meta name=\"twitter:label2\" content=\"Dur\u00e9e de lecture estim\u00e9e\" \/>\n\t<meta name=\"twitter:data2\" content=\"1 minute\" \/>\n<script type=\"application\/ld+json\" class=\"yoast-schema-graph\">{\"@context\":\"https:\\\/\\\/schema.org\",\"@graph\":[{\"@type\":\"Article\",\"@id\":\"https:\\\/\\\/mediagoras.fr\\\/exemple\\\/2026\\\/07\\\/04\\\/temoignage-de-sarah\\\/#article\",\"isPartOf\":{\"@id\":\"https:\\\/\\\/mediagoras.fr\\\/exemple\\\/2026\\\/07\\\/04\\\/temoignage-de-sarah\\\/\"},\"author\":{\"name\":\"M\u00e9diagora Lyon\",\"@id\":\"https:\\\/\\\/mediagoras.fr\\\/exemple\\\/#\\\/schema\\\/person\\\/b1dca128dd8d4a1ccdf6fc4cdf405c4d\"},\"headline\":\"T\u00e9moignage de Sarah\",\"datePublished\":\"2026-07-04T20:12:42+00:00\",\"dateModified\":\"2026-07-04T20:13:03+00:00\",\"mainEntityOfPage\":{\"@id\":\"https:\\\/\\\/mediagoras.fr\\\/exemple\\\/2026\\\/07\\\/04\\\/temoignage-de-sarah\\\/\"},\"wordCount\":161,\"commentCount\":0,\"image\":{\"@id\":\"https:\\\/\\\/mediagoras.fr\\\/exemple\\\/2026\\\/07\\\/04\\\/temoignage-de-sarah\\\/#primaryimage\"},\"thumbnailUrl\":\"https:\\\/\\\/mediagoras.fr\\\/exemple\\\/files\\\/2026\\\/07\\\/Temoignage-de-Sarah.jpg\",\"articleSection\":[\"T\u00e9moignages\"],\"inLanguage\":\"fr-FR\",\"potentialAction\":[{\"@type\":\"CommentAction\",\"name\":\"Comment\",\"target\":[\"https:\\\/\\\/mediagoras.fr\\\/exemple\\\/2026\\\/07\\\/04\\\/temoignage-de-sarah\\\/#respond\"]}]},{\"@type\":\"WebPage\",\"@id\":\"https:\\\/\\\/mediagoras.fr\\\/exemple\\\/2026\\\/07\\\/04\\\/temoignage-de-sarah\\\/\",\"url\":\"https:\\\/\\\/mediagoras.fr\\\/exemple\\\/2026\\\/07\\\/04\\\/temoignage-de-sarah\\\/\",\"name\":\"T\u00e9moignage de Sarah - M\u00e9diagoras Lyon\",\"isPartOf\":{\"@id\":\"https:\\\/\\\/mediagoras.fr\\\/exemple\\\/#website\"},\"primaryImageOfPage\":{\"@id\":\"https:\\\/\\\/mediagoras.fr\\\/exemple\\\/2026\\\/07\\\/04\\\/temoignage-de-sarah\\\/#primaryimage\"},\"image\":{\"@id\":\"https:\\\/\\\/mediagoras.fr\\\/exemple\\\/2026\\\/07\\\/04\\\/temoignage-de-sarah\\\/#primaryimage\"},\"thumbnailUrl\":\"https:\\\/\\\/mediagoras.fr\\\/exemple\\\/files\\\/2026\\\/07\\\/Temoignage-de-Sarah.jpg\",\"datePublished\":\"2026-07-04T20:12:42+00:00\",\"dateModified\":\"2026-07-04T20:13:03+00:00\",\"author\":{\"@id\":\"https:\\\/\\\/mediagoras.fr\\\/exemple\\\/#\\\/schema\\\/person\\\/b1dca128dd8d4a1ccdf6fc4cdf405c4d\"},\"breadcrumb\":{\"@id\":\"https:\\\/\\\/mediagoras.fr\\\/exemple\\\/2026\\\/07\\\/04\\\/temoignage-de-sarah\\\/#breadcrumb\"},\"inLanguage\":\"fr-FR\",\"potentialAction\":[{\"@type\":\"ReadAction\",\"target\":[\"https:\\\/\\\/mediagoras.fr\\\/exemple\\\/2026\\\/07\\\/04\\\/temoignage-de-sarah\\\/\"]}]},{\"@type\":\"ImageObject\",\"inLanguage\":\"fr-FR\",\"@id\":\"https:\\\/\\\/mediagoras.fr\\\/exemple\\\/2026\\\/07\\\/04\\\/temoignage-de-sarah\\\/#primaryimage\",\"url\":\"https:\\\/\\\/mediagoras.fr\\\/exemple\\\/files\\\/2026\\\/07\\\/Temoignage-de-Sarah.jpg\",\"contentUrl\":\"https:\\\/\\\/mediagoras.fr\\\/exemple\\\/files\\\/2026\\\/07\\\/Temoignage-de-Sarah.jpg\",\"width\":1000,\"height\":665,\"caption\":\"T\u00e9moignage de Sarah - M\u00e9diagora Lyon\"},{\"@type\":\"BreadcrumbList\",\"@id\":\"https:\\\/\\\/mediagoras.fr\\\/exemple\\\/2026\\\/07\\\/04\\\/temoignage-de-sarah\\\/#breadcrumb\",\"itemListElement\":[{\"@type\":\"ListItem\",\"position\":1,\"name\":\"Accueil\",\"item\":\"https:\\\/\\\/mediagoras.fr\\\/exemple\\\/\"},{\"@type\":\"ListItem\",\"position\":2,\"name\":\"T\u00e9moignage de Sarah\"}]},{\"@type\":\"WebSite\",\"@id\":\"https:\\\/\\\/mediagoras.fr\\\/exemple\\\/#website\",\"url\":\"https:\\\/\\\/mediagoras.fr\\\/exemple\\\/\",\"name\":\"M\u00e9diagoras Lyon\",\"description\":\"Un site utilisant R\u00e9seau Mediagora\",\"potentialAction\":[{\"@type\":\"SearchAction\",\"target\":{\"@type\":\"EntryPoint\",\"urlTemplate\":\"https:\\\/\\\/mediagoras.fr\\\/exemple\\\/?s={search_term_string}\"},\"query-input\":{\"@type\":\"PropertyValueSpecification\",\"valueRequired\":true,\"valueName\":\"search_term_string\"}}],\"inLanguage\":\"fr-FR\"},{\"@type\":\"Person\",\"@id\":\"https:\\\/\\\/mediagoras.fr\\\/exemple\\\/#\\\/schema\\\/person\\\/b1dca128dd8d4a1ccdf6fc4cdf405c4d\",\"name\":\"M\u00e9diagora Lyon\",\"image\":{\"@type\":\"ImageObject\",\"inLanguage\":\"fr-FR\",\"@id\":\"https:\\\/\\\/secure.gravatar.com\\\/avatar\\\/19de2636eee3080ff42976ddb42c9b880770cb02c6bfcbabafb91274f7740767?s=96&d=mm&r=g\",\"url\":\"https:\\\/\\\/secure.gravatar.com\\\/avatar\\\/19de2636eee3080ff42976ddb42c9b880770cb02c6bfcbabafb91274f7740767?s=96&d=mm&r=g\",\"contentUrl\":\"https:\\\/\\\/secure.gravatar.com\\\/avatar\\\/19de2636eee3080ff42976ddb42c9b880770cb02c6bfcbabafb91274f7740767?s=96&d=mm&r=g\",\"caption\":\"M\u00e9diagora Lyon\"},\"url\":\"https:\\\/\\\/mediagoras.fr\\\/exemple\\\/author\\\/tolita\\\/\"}]}<\/script>\n<!-- \/ Yoast SEO plugin. -->","yoast_head_json":{"title":"T\u00e9moignage de Sarah - M\u00e9diagoras Lyon","robots":{"index":"index","follow":"follow","max-snippet":"max-snippet:-1","max-image-preview":"max-image-preview:large","max-video-preview":"max-video-preview:-1"},"canonical":"https:\/\/mediagoras.fr\/exemple\/2026\/07\/04\/temoignage-de-sarah\/","og_locale":"fr_FR","og_type":"article","og_title":"T\u00e9moignage de Sarah - M\u00e9diagoras Lyon","og_description":"Je vais beaucoup mieux. Je ne suis plus anxieuse comme avant, du coup plus d\u2019attaque de panique. Je reste tr\u00e8s fragile et surtout tr\u00e8s peureuse, mais cela ne m\u2019emp\u00eache plus de vivre. Je continue une th\u00e9rapie dans le but de ne plus avoir ces peurs handicapantes, mais dans l\u2019ensemble je g\u00e8re. Je remercie sinc\u00e8rement tous [&hellip;]","og_url":"https:\/\/mediagoras.fr\/exemple\/2026\/07\/04\/temoignage-de-sarah\/","og_site_name":"M\u00e9diagoras Lyon","article_published_time":"2026-07-04T20:12:42+00:00","article_modified_time":"2026-07-04T20:13:03+00:00","og_image":[{"width":1000,"height":665,"url":"http:\/\/mediagoras.fr\/exemple\/files\/2026\/07\/Temoignage-de-Sarah.jpg","type":"image\/jpeg"}],"author":"M\u00e9diagora Lyon","twitter_card":"summary_large_image","twitter_misc":{"\u00c9crit par":"M\u00e9diagora Lyon","Dur\u00e9e de lecture estim\u00e9e":"1 minute"},"schema":{"@context":"https:\/\/schema.org","@graph":[{"@type":"Article","@id":"https:\/\/mediagoras.fr\/exemple\/2026\/07\/04\/temoignage-de-sarah\/#article","isPartOf":{"@id":"https:\/\/mediagoras.fr\/exemple\/2026\/07\/04\/temoignage-de-sarah\/"},"author":{"name":"M\u00e9diagora Lyon","@id":"https:\/\/mediagoras.fr\/exemple\/#\/schema\/person\/b1dca128dd8d4a1ccdf6fc4cdf405c4d"},"headline":"T\u00e9moignage de Sarah","datePublished":"2026-07-04T20:12:42+00:00","dateModified":"2026-07-04T20:13:03+00:00","mainEntityOfPage":{"@id":"https:\/\/mediagoras.fr\/exemple\/2026\/07\/04\/temoignage-de-sarah\/"},"wordCount":161,"commentCount":0,"image":{"@id":"https:\/\/mediagoras.fr\/exemple\/2026\/07\/04\/temoignage-de-sarah\/#primaryimage"},"thumbnailUrl":"https:\/\/mediagoras.fr\/exemple\/files\/2026\/07\/Temoignage-de-Sarah.jpg","articleSection":["T\u00e9moignages"],"inLanguage":"fr-FR","potentialAction":[{"@type":"CommentAction","name":"Comment","target":["https:\/\/mediagoras.fr\/exemple\/2026\/07\/04\/temoignage-de-sarah\/#respond"]}]},{"@type":"WebPage","@id":"https:\/\/mediagoras.fr\/exemple\/2026\/07\/04\/temoignage-de-sarah\/","url":"https:\/\/mediagoras.fr\/exemple\/2026\/07\/04\/temoignage-de-sarah\/","name":"T\u00e9moignage de Sarah - M\u00e9diagoras Lyon","isPartOf":{"@id":"https:\/\/mediagoras.fr\/exemple\/#website"},"primaryImageOfPage":{"@id":"https:\/\/mediagoras.fr\/exemple\/2026\/07\/04\/temoignage-de-sarah\/#primaryimage"},"image":{"@id":"https:\/\/mediagoras.fr\/exemple\/2026\/07\/04\/temoignage-de-sarah\/#primaryimage"},"thumbnailUrl":"https:\/\/mediagoras.fr\/exemple\/files\/2026\/07\/Temoignage-de-Sarah.jpg","datePublished":"2026-07-04T20:12:42+00:00","dateModified":"2026-07-04T20:13:03+00:00","author":{"@id":"https:\/\/mediagoras.fr\/exemple\/#\/schema\/person\/b1dca128dd8d4a1ccdf6fc4cdf405c4d"},"breadcrumb":{"@id":"https:\/\/mediagoras.fr\/exemple\/2026\/07\/04\/temoignage-de-sarah\/#breadcrumb"},"inLanguage":"fr-FR","potentialAction":[{"@type":"ReadAction","target":["https:\/\/mediagoras.fr\/exemple\/2026\/07\/04\/temoignage-de-sarah\/"]}]},{"@type":"ImageObject","inLanguage":"fr-FR","@id":"https:\/\/mediagoras.fr\/exemple\/2026\/07\/04\/temoignage-de-sarah\/#primaryimage","url":"https:\/\/mediagoras.fr\/exemple\/files\/2026\/07\/Temoignage-de-Sarah.jpg","contentUrl":"https:\/\/mediagoras.fr\/exemple\/files\/2026\/07\/Temoignage-de-Sarah.jpg","width":1000,"height":665,"caption":"T\u00e9moignage de Sarah - M\u00e9diagora Lyon"},{"@type":"BreadcrumbList","@id":"https:\/\/mediagoras.fr\/exemple\/2026\/07\/04\/temoignage-de-sarah\/#breadcrumb","itemListElement":[{"@type":"ListItem","position":1,"name":"Accueil","item":"https:\/\/mediagoras.fr\/exemple\/"},{"@type":"ListItem","position":2,"name":"T\u00e9moignage de Sarah"}]},{"@type":"WebSite","@id":"https:\/\/mediagoras.fr\/exemple\/#website","url":"https:\/\/mediagoras.fr\/exemple\/","name":"M\u00e9diagoras Lyon","description":"Un site utilisant R\u00e9seau Mediagora","potentialAction":[{"@type":"SearchAction","target":{"@type":"EntryPoint","urlTemplate":"https:\/\/mediagoras.fr\/exemple\/?s={search_term_string}"},"query-input":{"@type":"PropertyValueSpecification","valueRequired":true,"valueName":"search_term_string"}}],"inLanguage":"fr-FR"},{"@type":"Person","@id":"https:\/\/mediagoras.fr\/exemple\/#\/schema\/person\/b1dca128dd8d4a1ccdf6fc4cdf405c4d","name":"M\u00e9diagora Lyon","image":{"@type":"ImageObject","inLanguage":"fr-FR","@id":"https:\/\/secure.gravatar.com\/avatar\/19de2636eee3080ff42976ddb42c9b880770cb02c6bfcbabafb91274f7740767?s=96&d=mm&r=g","url":"https:\/\/secure.gravatar.com\/avatar\/19de2636eee3080ff42976ddb42c9b880770cb02c6bfcbabafb91274f7740767?s=96&d=mm&r=g","contentUrl":"https:\/\/secure.gravatar.com\/avatar\/19de2636eee3080ff42976ddb42c9b880770cb02c6bfcbabafb91274f7740767?s=96&d=mm&r=g","caption":"M\u00e9diagora Lyon"},"url":"https:\/\/mediagoras.fr\/exemple\/author\/tolita\/"}]}},"_links":{"self":[{"href":"https:\/\/mediagoras.fr\/exemple\/wp-json\/wp\/v2\/posts\/3290","targetHints":{"allow":["GET"]}}],"collection":[{"href":"https:\/\/mediagoras.fr\/exemple\/wp-json\/wp\/v2\/posts"}],"about":[{"href":"https:\/\/mediagoras.fr\/exemple\/wp-json\/wp\/v2\/types\/post"}],"author":[{"embeddable":true,"href":"https:\/\/mediagoras.fr\/exemple\/wp-json\/wp\/v2\/users\/38"}],"replies":[{"embeddable":true,"href":"https:\/\/mediagoras.fr\/exemple\/wp-json\/wp\/v2\/comments?post=3290"}],"version-history":[{"count":3,"href":"https:\/\/mediagoras.fr\/exemple\/wp-json\/wp\/v2\/posts\/3290\/revisions"}],"predecessor-version":[{"id":3295,"href":"https:\/\/mediagoras.fr\/exemple\/wp-json\/wp\/v2\/posts\/3290\/revisions\/3295"}],"wp:featuredmedia":[{"embeddable":true,"href":"https:\/\/mediagoras.fr\/exemple\/wp-json\/wp\/v2\/media\/3293"}],"wp:attachment":[{"href":"https:\/\/mediagoras.fr\/exemple\/wp-json\/wp\/v2\/media?parent=3290"}],"wp:term":[{"taxonomy":"category","embeddable":true,"href":"https:\/\/mediagoras.fr\/exemple\/wp-json\/wp\/v2\/categories?post=3290"},{"taxonomy":"post_tag","embeddable":true,"href":"https:\/\/mediagoras.fr\/exemple\/wp-json\/wp\/v2\/tags?post=3290"}],"curies":[{"name":"wp","href":"https:\/\/api.w.org\/{rel}","templated":true}]}}