{"id":3319,"date":"2026-07-04T22:42:51","date_gmt":"2026-07-04T20:42:51","guid":{"rendered":"https:\/\/mediagoras.fr\/exemple\/?p=3319"},"modified":"2026-07-05T14:22:33","modified_gmt":"2026-07-05T12:22:33","slug":"temoignage-de-florence","status":"publish","type":"post","link":"https:\/\/mediagoras.fr\/exemple\/2026\/07\/04\/temoignage-de-florence\/","title":{"rendered":"T\u00e9moignage de Florence"},"content":{"rendered":"[et_pb_section fb_built=\u00a0\u00bb1&Prime; _builder_version=\u00a0\u00bb4.27.6&Prime; _module_preset=\u00a0\u00bbdefault\u00a0\u00bb global_colors_info=\u00a0\u00bb{}\u00a0\u00bb][et_pb_row _builder_version=\u00a0\u00bb4.27.6&Prime; _module_preset=\u00a0\u00bbdefault\u00a0\u00bb global_colors_info=\u00a0\u00bb{}\u00a0\u00bb][et_pb_column type=\u00a0\u00bb4_4&Prime; _builder_version=\u00a0\u00bb4.27.6&Prime; _module_preset=\u00a0\u00bbdefault\u00a0\u00bb global_colors_info=\u00a0\u00bb{}\u00a0\u00bb][et_pb_text _builder_version=\u00a0\u00bb4.27.6&Prime; _module_preset=\u00a0\u00bbdefault\u00a0\u00bb global_colors_info=\u00a0\u00bb{}\u00a0\u00bb]\n<p>Je me souviendrais toute ma vie de mon 1er rendez-vous chez le psy. C\u2019\u00e9tait un soir de d\u00e9cembre, il pleut. Moi aussi je pleux, enfin je pleure : comme une madeleine, je me vide : \u00ab docteur, je me sens comme une petite fille (j\u2019ai 26 ans pourtant), je suis compl\u00e8tement bloqu\u00e9e devant les autres, et puis j\u2019ai peur, tout le temps \u00bb.<\/p>\n<p>Diagnostic du professionnel : phobie sociale. Il m\u2019explique sa fa\u00e7on d\u2019op\u00e9rer : une exposition r\u00e9guli\u00e8re et progressive aux situations que je redoute avec en parall\u00e8le un travail sur mes pens\u00e9es. Une th\u00e9rapie cognitive \u00e7a s\u2019appelle. Il me donne un livre \u00e0 lire : \u00ab La Th\u00e9rapie Cognitive \u00bb de Philippe Brinster (*). Il me laisse du temps pour r\u00e9fl\u00e9chir, puis si je suis d\u2019accord, je contacte sa secr\u00e9taire.<\/p>\n<p>Le livre je ne le lirais pas tout de site, j\u2019ai peur de ce que je vais trouver dedans, je ne veux pas \u00eatre confront\u00e9e \u00e0 ma souffrance. Je recule, je freine. Mais j\u2019adore lire, et un jour je me plonge dedans, et je l\u2019avale, oui c\u2019est moi, oui je me reconnais, oui on peut s\u2019en sortir, oui je veux m\u2019en sortir.<\/p>\n<p>Ma th\u00e9rapie durera 2 ans : j\u2019apprends \u00e0 faire une demande, une critique, \u00e0 recevoir un compliment. Je ne rate aucun rendez-vous chez le psy, et je fais mes exercices. Parfois je n\u2019ai rien \u00e0 lui dire au psy, c\u2019est l\u00e0 que j\u2019ai droit \u00e0 une grande le\u00e7on sur les vertus du silence. D\u2019autres fois je n\u2019arrive pas \u00e0 lui parler au psy, j\u2019ai mal, c\u2019est dur. Alors le professionnel appuie sur la touche \u00ab eject \u00bb et \u00e7a sort, je pleure \u00e0 gros sanglots mais psy est content, nous avons progress\u00e9. Mort le venin.<\/p>\n<p>Et voil\u00e0 que je reprends confiance en moi, je sais demander sans faiblir une augmentation \u00e0 mon patron, faire une critique \u00e0 ma coll\u00e8gue (une v\u00e9ritable mauvaise langue), je sais mettre un mot sur mes \u00e9motions, surtout les n\u00e9gatives, je sais dire quand je suis triste, en col\u00e8re, malheureuse\u2026.Fin de la th\u00e9rapie.<\/p>\n<p>Mais le travail sur moi-m\u00eame n\u2019est pas fini. Bien s\u00fbr je ma\u00eetrise les techniques qui me servent \u00e0 \u00eatre \u00e0 l\u2019aise dans mes relations sociales, mais je ne suis pas \u00e0 l\u2019aise avec moi-m\u00eame. Mon estime de moi est \u00e0 0. j\u2019ai une petite voix int\u00e9rieure qui ne cesse de me harceler : \u00ab t\u2019es nulle, t\u2019es moche, t\u2019es grosse, conne, tu resteras toute seule toute ta vie, t\u2019es bonne \u00e0 rien ma pauvre fille ! \u00bb.<\/p>\n<p>Alors je retourne chez le psy, et nous d\u00e9cidons de lui casser la gueule \u00e0 cette voix int\u00e9rieure. Elle ne va quand m\u00eame pas d\u00e9truire des ann\u00e9es de travail non mais !!!<\/p>\n<p>Pour cela j\u2019entame une th\u00e9rapie de groupe avec jeux de r\u00f4les. Cette th\u00e9rapie choc (je vous la raconterais une autre fois chers lecteurs) s\u2019est termin\u00e9e en janvier 2003. Ma voix int\u00e9rieur s\u2019est tue, me laissant l\u2019esprit plus clair pour appliquer l\u2019affirmation de soi ; je suis plus lucide, plus sereine. J\u2019ai 32 ans aujourd\u2019hui, la semaine prochaine je d\u00e9m\u00e9nage dans un autre d\u00e9partement, je change de boulot et je commence enfin une vie de couple.<\/p>\n<p>Et vous savez quoi, je n\u2019ai pas peur. Pas mal non pour une ex phobique sociale ?<\/p>\n<p>Florence<\/p>\n[\/et_pb_text][\/et_pb_column][\/et_pb_row][\/et_pb_section]\n","protected":false},"excerpt":{"rendered":"<p>Je me souviendrais toute ma vie de mon 1er rendez-vous chez le psy. C\u2019\u00e9tait un soir de d\u00e9cembre, il pleut. Moi aussi je pleux, enfin je pleure : comme une madeleine, je me vide : \u00ab docteur, je me sens comme une petite fille (j\u2019ai 26 ans pourtant), je suis compl\u00e8tement bloqu\u00e9e devant les autres, [&hellip;]<\/p>\n","protected":false},"author":38,"featured_media":3333,"comment_status":"open","ping_status":"open","sticky":false,"template":"","format":"standard","meta":{"_et_pb_use_builder":"on","_et_pb_old_content":"","_et_gb_content_width":"","footnotes":""},"categories":[15],"tags":[],"class_list":["post-3319","post","type-post","status-publish","format-standard","has-post-thumbnail","hentry","category-temoignages"],"yoast_head":"<!-- This site is optimized with the Yoast SEO plugin v28.3 - https:\/\/yoast.com\/product\/yoast-seo-wordpress\/ -->\n<title>T\u00e9moignage de Florence - M\u00e9diagoras Lyon<\/title>\n<meta name=\"robots\" content=\"index, follow, max-snippet:-1, max-image-preview:large, max-video-preview:-1\" \/>\n<link rel=\"canonical\" href=\"https:\/\/mediagoras.fr\/exemple\/2026\/07\/04\/temoignage-de-florence\/\" \/>\n<meta property=\"og:locale\" content=\"fr_FR\" \/>\n<meta property=\"og:type\" content=\"article\" \/>\n<meta property=\"og:title\" content=\"T\u00e9moignage de Florence - M\u00e9diagoras Lyon\" \/>\n<meta property=\"og:description\" content=\"Je me souviendrais toute ma vie de mon 1er rendez-vous chez le psy. C\u2019\u00e9tait un soir de d\u00e9cembre, il pleut. Moi aussi je pleux, enfin je pleure : comme une madeleine, je me vide : \u00ab docteur, je me sens comme une petite fille (j\u2019ai 26 ans pourtant), je suis compl\u00e8tement bloqu\u00e9e devant les autres, [&hellip;]\" \/>\n<meta property=\"og:url\" content=\"https:\/\/mediagoras.fr\/exemple\/2026\/07\/04\/temoignage-de-florence\/\" \/>\n<meta property=\"og:site_name\" content=\"M\u00e9diagoras Lyon\" \/>\n<meta property=\"article:published_time\" content=\"2026-07-04T20:42:51+00:00\" \/>\n<meta property=\"article:modified_time\" content=\"2026-07-05T12:22:33+00:00\" \/>\n<meta property=\"og:image\" content=\"http:\/\/mediagoras.fr\/exemple\/files\/2026\/07\/Temoignage-de-Florence.jpg\" \/>\n\t<meta property=\"og:image:width\" content=\"1000\" \/>\n\t<meta property=\"og:image:height\" content=\"667\" \/>\n\t<meta property=\"og:image:type\" content=\"image\/jpeg\" \/>\n<meta name=\"author\" content=\"M\u00e9diagora Lyon\" \/>\n<meta name=\"twitter:card\" content=\"summary_large_image\" \/>\n<meta name=\"twitter:label1\" content=\"\u00c9crit par\" \/>\n\t<meta name=\"twitter:data1\" content=\"M\u00e9diagora Lyon\" \/>\n\t<meta name=\"twitter:label2\" content=\"Dur\u00e9e de lecture estim\u00e9e\" \/>\n\t<meta name=\"twitter:data2\" content=\"3 minutes\" \/>\n<script type=\"application\/ld+json\" class=\"yoast-schema-graph\">{\"@context\":\"https:\\\/\\\/schema.org\",\"@graph\":[{\"@type\":\"Article\",\"@id\":\"https:\\\/\\\/mediagoras.fr\\\/exemple\\\/2026\\\/07\\\/04\\\/temoignage-de-florence\\\/#article\",\"isPartOf\":{\"@id\":\"https:\\\/\\\/mediagoras.fr\\\/exemple\\\/2026\\\/07\\\/04\\\/temoignage-de-florence\\\/\"},\"author\":{\"name\":\"M\u00e9diagora Lyon\",\"@id\":\"https:\\\/\\\/mediagoras.fr\\\/exemple\\\/#\\\/schema\\\/person\\\/b1dca128dd8d4a1ccdf6fc4cdf405c4d\"},\"headline\":\"T\u00e9moignage de Florence\",\"datePublished\":\"2026-07-04T20:42:51+00:00\",\"dateModified\":\"2026-07-05T12:22:33+00:00\",\"mainEntityOfPage\":{\"@id\":\"https:\\\/\\\/mediagoras.fr\\\/exemple\\\/2026\\\/07\\\/04\\\/temoignage-de-florence\\\/\"},\"wordCount\":642,\"commentCount\":0,\"image\":{\"@id\":\"https:\\\/\\\/mediagoras.fr\\\/exemple\\\/2026\\\/07\\\/04\\\/temoignage-de-florence\\\/#primaryimage\"},\"thumbnailUrl\":\"https:\\\/\\\/mediagoras.fr\\\/exemple\\\/files\\\/2026\\\/07\\\/Temoignage-de-Florence.jpg\",\"articleSection\":[\"T\u00e9moignages\"],\"inLanguage\":\"fr-FR\",\"potentialAction\":[{\"@type\":\"CommentAction\",\"name\":\"Comment\",\"target\":[\"https:\\\/\\\/mediagoras.fr\\\/exemple\\\/2026\\\/07\\\/04\\\/temoignage-de-florence\\\/#respond\"]}]},{\"@type\":\"WebPage\",\"@id\":\"https:\\\/\\\/mediagoras.fr\\\/exemple\\\/2026\\\/07\\\/04\\\/temoignage-de-florence\\\/\",\"url\":\"https:\\\/\\\/mediagoras.fr\\\/exemple\\\/2026\\\/07\\\/04\\\/temoignage-de-florence\\\/\",\"name\":\"T\u00e9moignage de Florence - M\u00e9diagoras Lyon\",\"isPartOf\":{\"@id\":\"https:\\\/\\\/mediagoras.fr\\\/exemple\\\/#website\"},\"primaryImageOfPage\":{\"@id\":\"https:\\\/\\\/mediagoras.fr\\\/exemple\\\/2026\\\/07\\\/04\\\/temoignage-de-florence\\\/#primaryimage\"},\"image\":{\"@id\":\"https:\\\/\\\/mediagoras.fr\\\/exemple\\\/2026\\\/07\\\/04\\\/temoignage-de-florence\\\/#primaryimage\"},\"thumbnailUrl\":\"https:\\\/\\\/mediagoras.fr\\\/exemple\\\/files\\\/2026\\\/07\\\/Temoignage-de-Florence.jpg\",\"datePublished\":\"2026-07-04T20:42:51+00:00\",\"dateModified\":\"2026-07-05T12:22:33+00:00\",\"author\":{\"@id\":\"https:\\\/\\\/mediagoras.fr\\\/exemple\\\/#\\\/schema\\\/person\\\/b1dca128dd8d4a1ccdf6fc4cdf405c4d\"},\"breadcrumb\":{\"@id\":\"https:\\\/\\\/mediagoras.fr\\\/exemple\\\/2026\\\/07\\\/04\\\/temoignage-de-florence\\\/#breadcrumb\"},\"inLanguage\":\"fr-FR\",\"potentialAction\":[{\"@type\":\"ReadAction\",\"target\":[\"https:\\\/\\\/mediagoras.fr\\\/exemple\\\/2026\\\/07\\\/04\\\/temoignage-de-florence\\\/\"]}]},{\"@type\":\"ImageObject\",\"inLanguage\":\"fr-FR\",\"@id\":\"https:\\\/\\\/mediagoras.fr\\\/exemple\\\/2026\\\/07\\\/04\\\/temoignage-de-florence\\\/#primaryimage\",\"url\":\"https:\\\/\\\/mediagoras.fr\\\/exemple\\\/files\\\/2026\\\/07\\\/Temoignage-de-Florence.jpg\",\"contentUrl\":\"https:\\\/\\\/mediagoras.fr\\\/exemple\\\/files\\\/2026\\\/07\\\/Temoignage-de-Florence.jpg\",\"width\":1000,\"height\":667},{\"@type\":\"BreadcrumbList\",\"@id\":\"https:\\\/\\\/mediagoras.fr\\\/exemple\\\/2026\\\/07\\\/04\\\/temoignage-de-florence\\\/#breadcrumb\",\"itemListElement\":[{\"@type\":\"ListItem\",\"position\":1,\"name\":\"Accueil\",\"item\":\"https:\\\/\\\/mediagoras.fr\\\/exemple\\\/\"},{\"@type\":\"ListItem\",\"position\":2,\"name\":\"T\u00e9moignage de Florence\"}]},{\"@type\":\"WebSite\",\"@id\":\"https:\\\/\\\/mediagoras.fr\\\/exemple\\\/#website\",\"url\":\"https:\\\/\\\/mediagoras.fr\\\/exemple\\\/\",\"name\":\"M\u00e9diagoras Lyon\",\"description\":\"Un site utilisant R\u00e9seau Mediagora\",\"potentialAction\":[{\"@type\":\"SearchAction\",\"target\":{\"@type\":\"EntryPoint\",\"urlTemplate\":\"https:\\\/\\\/mediagoras.fr\\\/exemple\\\/?s={search_term_string}\"},\"query-input\":{\"@type\":\"PropertyValueSpecification\",\"valueRequired\":true,\"valueName\":\"search_term_string\"}}],\"inLanguage\":\"fr-FR\"},{\"@type\":\"Person\",\"@id\":\"https:\\\/\\\/mediagoras.fr\\\/exemple\\\/#\\\/schema\\\/person\\\/b1dca128dd8d4a1ccdf6fc4cdf405c4d\",\"name\":\"M\u00e9diagora Lyon\",\"image\":{\"@type\":\"ImageObject\",\"inLanguage\":\"fr-FR\",\"@id\":\"https:\\\/\\\/secure.gravatar.com\\\/avatar\\\/19de2636eee3080ff42976ddb42c9b880770cb02c6bfcbabafb91274f7740767?s=96&d=mm&r=g\",\"url\":\"https:\\\/\\\/secure.gravatar.com\\\/avatar\\\/19de2636eee3080ff42976ddb42c9b880770cb02c6bfcbabafb91274f7740767?s=96&d=mm&r=g\",\"contentUrl\":\"https:\\\/\\\/secure.gravatar.com\\\/avatar\\\/19de2636eee3080ff42976ddb42c9b880770cb02c6bfcbabafb91274f7740767?s=96&d=mm&r=g\",\"caption\":\"M\u00e9diagora Lyon\"},\"url\":\"https:\\\/\\\/mediagoras.fr\\\/exemple\\\/author\\\/tolita\\\/\"}]}<\/script>\n<!-- \/ Yoast SEO plugin. -->","yoast_head_json":{"title":"T\u00e9moignage de Florence - M\u00e9diagoras Lyon","robots":{"index":"index","follow":"follow","max-snippet":"max-snippet:-1","max-image-preview":"max-image-preview:large","max-video-preview":"max-video-preview:-1"},"canonical":"https:\/\/mediagoras.fr\/exemple\/2026\/07\/04\/temoignage-de-florence\/","og_locale":"fr_FR","og_type":"article","og_title":"T\u00e9moignage de Florence - M\u00e9diagoras Lyon","og_description":"Je me souviendrais toute ma vie de mon 1er rendez-vous chez le psy. C\u2019\u00e9tait un soir de d\u00e9cembre, il pleut. Moi aussi je pleux, enfin je pleure : comme une madeleine, je me vide : \u00ab docteur, je me sens comme une petite fille (j\u2019ai 26 ans pourtant), je suis compl\u00e8tement bloqu\u00e9e devant les autres, [&hellip;]","og_url":"https:\/\/mediagoras.fr\/exemple\/2026\/07\/04\/temoignage-de-florence\/","og_site_name":"M\u00e9diagoras Lyon","article_published_time":"2026-07-04T20:42:51+00:00","article_modified_time":"2026-07-05T12:22:33+00:00","og_image":[{"width":1000,"height":667,"url":"http:\/\/mediagoras.fr\/exemple\/files\/2026\/07\/Temoignage-de-Florence.jpg","type":"image\/jpeg"}],"author":"M\u00e9diagora Lyon","twitter_card":"summary_large_image","twitter_misc":{"\u00c9crit par":"M\u00e9diagora Lyon","Dur\u00e9e de lecture estim\u00e9e":"3 minutes"},"schema":{"@context":"https:\/\/schema.org","@graph":[{"@type":"Article","@id":"https:\/\/mediagoras.fr\/exemple\/2026\/07\/04\/temoignage-de-florence\/#article","isPartOf":{"@id":"https:\/\/mediagoras.fr\/exemple\/2026\/07\/04\/temoignage-de-florence\/"},"author":{"name":"M\u00e9diagora Lyon","@id":"https:\/\/mediagoras.fr\/exemple\/#\/schema\/person\/b1dca128dd8d4a1ccdf6fc4cdf405c4d"},"headline":"T\u00e9moignage de Florence","datePublished":"2026-07-04T20:42:51+00:00","dateModified":"2026-07-05T12:22:33+00:00","mainEntityOfPage":{"@id":"https:\/\/mediagoras.fr\/exemple\/2026\/07\/04\/temoignage-de-florence\/"},"wordCount":642,"commentCount":0,"image":{"@id":"https:\/\/mediagoras.fr\/exemple\/2026\/07\/04\/temoignage-de-florence\/#primaryimage"},"thumbnailUrl":"https:\/\/mediagoras.fr\/exemple\/files\/2026\/07\/Temoignage-de-Florence.jpg","articleSection":["T\u00e9moignages"],"inLanguage":"fr-FR","potentialAction":[{"@type":"CommentAction","name":"Comment","target":["https:\/\/mediagoras.fr\/exemple\/2026\/07\/04\/temoignage-de-florence\/#respond"]}]},{"@type":"WebPage","@id":"https:\/\/mediagoras.fr\/exemple\/2026\/07\/04\/temoignage-de-florence\/","url":"https:\/\/mediagoras.fr\/exemple\/2026\/07\/04\/temoignage-de-florence\/","name":"T\u00e9moignage de Florence - M\u00e9diagoras Lyon","isPartOf":{"@id":"https:\/\/mediagoras.fr\/exemple\/#website"},"primaryImageOfPage":{"@id":"https:\/\/mediagoras.fr\/exemple\/2026\/07\/04\/temoignage-de-florence\/#primaryimage"},"image":{"@id":"https:\/\/mediagoras.fr\/exemple\/2026\/07\/04\/temoignage-de-florence\/#primaryimage"},"thumbnailUrl":"https:\/\/mediagoras.fr\/exemple\/files\/2026\/07\/Temoignage-de-Florence.jpg","datePublished":"2026-07-04T20:42:51+00:00","dateModified":"2026-07-05T12:22:33+00:00","author":{"@id":"https:\/\/mediagoras.fr\/exemple\/#\/schema\/person\/b1dca128dd8d4a1ccdf6fc4cdf405c4d"},"breadcrumb":{"@id":"https:\/\/mediagoras.fr\/exemple\/2026\/07\/04\/temoignage-de-florence\/#breadcrumb"},"inLanguage":"fr-FR","potentialAction":[{"@type":"ReadAction","target":["https:\/\/mediagoras.fr\/exemple\/2026\/07\/04\/temoignage-de-florence\/"]}]},{"@type":"ImageObject","inLanguage":"fr-FR","@id":"https:\/\/mediagoras.fr\/exemple\/2026\/07\/04\/temoignage-de-florence\/#primaryimage","url":"https:\/\/mediagoras.fr\/exemple\/files\/2026\/07\/Temoignage-de-Florence.jpg","contentUrl":"https:\/\/mediagoras.fr\/exemple\/files\/2026\/07\/Temoignage-de-Florence.jpg","width":1000,"height":667},{"@type":"BreadcrumbList","@id":"https:\/\/mediagoras.fr\/exemple\/2026\/07\/04\/temoignage-de-florence\/#breadcrumb","itemListElement":[{"@type":"ListItem","position":1,"name":"Accueil","item":"https:\/\/mediagoras.fr\/exemple\/"},{"@type":"ListItem","position":2,"name":"T\u00e9moignage de Florence"}]},{"@type":"WebSite","@id":"https:\/\/mediagoras.fr\/exemple\/#website","url":"https:\/\/mediagoras.fr\/exemple\/","name":"M\u00e9diagoras Lyon","description":"Un site utilisant R\u00e9seau Mediagora","potentialAction":[{"@type":"SearchAction","target":{"@type":"EntryPoint","urlTemplate":"https:\/\/mediagoras.fr\/exemple\/?s={search_term_string}"},"query-input":{"@type":"PropertyValueSpecification","valueRequired":true,"valueName":"search_term_string"}}],"inLanguage":"fr-FR"},{"@type":"Person","@id":"https:\/\/mediagoras.fr\/exemple\/#\/schema\/person\/b1dca128dd8d4a1ccdf6fc4cdf405c4d","name":"M\u00e9diagora Lyon","image":{"@type":"ImageObject","inLanguage":"fr-FR","@id":"https:\/\/secure.gravatar.com\/avatar\/19de2636eee3080ff42976ddb42c9b880770cb02c6bfcbabafb91274f7740767?s=96&d=mm&r=g","url":"https:\/\/secure.gravatar.com\/avatar\/19de2636eee3080ff42976ddb42c9b880770cb02c6bfcbabafb91274f7740767?s=96&d=mm&r=g","contentUrl":"https:\/\/secure.gravatar.com\/avatar\/19de2636eee3080ff42976ddb42c9b880770cb02c6bfcbabafb91274f7740767?s=96&d=mm&r=g","caption":"M\u00e9diagora Lyon"},"url":"https:\/\/mediagoras.fr\/exemple\/author\/tolita\/"}]}},"_links":{"self":[{"href":"https:\/\/mediagoras.fr\/exemple\/wp-json\/wp\/v2\/posts\/3319","targetHints":{"allow":["GET"]}}],"collection":[{"href":"https:\/\/mediagoras.fr\/exemple\/wp-json\/wp\/v2\/posts"}],"about":[{"href":"https:\/\/mediagoras.fr\/exemple\/wp-json\/wp\/v2\/types\/post"}],"author":[{"embeddable":true,"href":"https:\/\/mediagoras.fr\/exemple\/wp-json\/wp\/v2\/users\/38"}],"replies":[{"embeddable":true,"href":"https:\/\/mediagoras.fr\/exemple\/wp-json\/wp\/v2\/comments?post=3319"}],"version-history":[{"count":3,"href":"https:\/\/mediagoras.fr\/exemple\/wp-json\/wp\/v2\/posts\/3319\/revisions"}],"predecessor-version":[{"id":3334,"href":"https:\/\/mediagoras.fr\/exemple\/wp-json\/wp\/v2\/posts\/3319\/revisions\/3334"}],"wp:featuredmedia":[{"embeddable":true,"href":"https:\/\/mediagoras.fr\/exemple\/wp-json\/wp\/v2\/media\/3333"}],"wp:attachment":[{"href":"https:\/\/mediagoras.fr\/exemple\/wp-json\/wp\/v2\/media?parent=3319"}],"wp:term":[{"taxonomy":"category","embeddable":true,"href":"https:\/\/mediagoras.fr\/exemple\/wp-json\/wp\/v2\/categories?post=3319"},{"taxonomy":"post_tag","embeddable":true,"href":"https:\/\/mediagoras.fr\/exemple\/wp-json\/wp\/v2\/tags?post=3319"}],"curies":[{"name":"wp","href":"https:\/\/api.w.org\/{rel}","templated":true}]}}