{"id":3376,"date":"2025-08-30T18:18:24","date_gmt":"2025-08-30T16:18:24","guid":{"rendered":"https:\/\/mediagoras.fr\/exemple\/?p=3376"},"modified":"2026-09-02T18:20:43","modified_gmt":"2026-09-02T16:20:43","slug":"agenda-des-reunions-2025-2026","status":"publish","type":"post","link":"https:\/\/mediagoras.fr\/exemple\/2025\/08\/30\/agenda-des-reunions-2025-2026\/","title":{"rendered":"Agenda des r\u00e9unions 2025-2026"},"content":{"rendered":"[et_pb_section fb_built=\u00a0\u00bb1&Prime; _builder_version=\u00a0\u00bb4.27.6&Prime; _module_preset=\u00a0\u00bbdefault\u00a0\u00bb global_colors_info=\u00a0\u00bb{}\u00a0\u00bb][et_pb_row _builder_version=\u00a0\u00bb4.27.6&Prime; _module_preset=\u00a0\u00bbdefault\u00a0\u00bb global_colors_info=\u00a0\u00bb{}\u00a0\u00bb][et_pb_column type=\u00a0\u00bb4_4&Prime; _builder_version=\u00a0\u00bb4.27.6&Prime; _module_preset=\u00a0\u00bbdefault\u00a0\u00bb global_colors_info=\u00a0\u00bb{}\u00a0\u00bb][et_pb_text _builder_version=\u00a0\u00bb4.27.6&Prime; _module_preset=\u00a0\u00bbdefault\u00a0\u00bb global_colors_info=\u00a0\u00bb{}\u00a0\u00bb]\n<p>Voici<strong>\u00a0l\u2019agenda des r\u00e9unions pour la saison 2025-2026<\/strong>\u00a0, r\u00e9unions qui auront lieu dans le local de la\u00a0<a href=\"https:\/\/mediagoras.fr\/lyon\/reunions-hebdomadaires\/les-lieux\/\">Maison des Soci\u00e9t\u00e9s d\u2019Oullins<\/a>\u00a0(commune d\u2019Oullins-Pierre-B\u00e9nite)\u00a0 ;\u00a0<em><strong>salle n\u00b01 et n\u00b02 de\u00a014h15 \u00e0 18h<\/strong><\/em>\u00a0( il est possible de partir quand vous le souhaitez, mais nous vous demandons d\u2019arriver \u00e0 l\u2019heure autant que possible pour d\u00e9marrer la r\u00e9union ensemble) .<\/p>\n<p><em><strong>La participation \u00e0 nos r\u00e9unions entraine le respect de notre<\/strong>\u00a0<a href=\"https:\/\/mediagoras.fr\/lyon\/files\/2024\/05\/Charte-Mediagora.pdf\">Charte<\/a><\/em>.<\/p>\n<p><em>L\u2019association a \u00e9t\u00e9 pr\u00e9sente au forum des associations de la commune, le 6 septembre 2025 au complexe sportif de la Canop\u00e9e (photos \u00e0 venir)\u00a0<\/em><\/p>\n<ul>\n<li><strong>samedis 13 septembre 2025: r\u00e9union de reprise\u00a0<\/strong><\/li>\n<\/ul>\n<p>Groupe de Parole \u00ab\u00a0Qu\u2019attendons-nous de cette nouvelle saison\u00a0\u00bb ?<\/p>\n<ul>\n<li><strong>Samedi 27 septembre 2025\u00a0<\/strong><\/li>\n<li><strong>samedi 11 octobre 2025<\/strong><\/li>\n<\/ul>\n<p>Apr\u00e8s-midi Portes Ouvertes (dans le cadre des\u00a0<a href=\"https:\/\/www.semaines-sante-mentale.fr\/\" target=\"_blank\" rel=\"noopener\">SISM 2025<\/a>)<\/p>\n<ul>\n<li><strong>Samedi 25 octobre 2025\u00a0<\/strong><\/li>\n<li><strong>Samedi 8 novembre 2025<\/strong><\/li>\n<li><strong>Samedi 22 novembre 2025<\/strong><\/li>\n<li><strong>Samedi 6 d\u00e9cembre 2025<\/strong><\/li>\n<li><strong>samedi 20 d\u00e9cembre 2025\u00a0<\/strong><\/li>\n<li><strong>Samedi 10 janvier 2026<\/strong><\/li>\n<li><strong>Samedi 24 janvier 2026<\/strong><\/li>\n<li><strong>Samedi 7 f\u00e9vrier 2026\u00a0<\/strong><\/li>\n<li><strong>Samedi 21 f\u00e9vrier 2026<\/strong><\/li>\n<li><strong>Samedi 7 mars 2026<\/strong><\/li>\n<li><strong>Samedi 21 mars 2026<\/strong><\/li>\n<li><strong>Samedi 4 avril 2026\u00a0<\/strong><\/li>\n<li><strong>Samedi 18 avril 2026\u00a0<\/strong><\/li>\n<li><strong>Samedi 25 avril 2026<\/strong><\/li>\n<li><strong>Samedi 30 mai\u00a0<\/strong><\/li>\n<li><strong>Samedi 13 Juin 2026 : Assembl\u00e9e g\u00e9n\u00e9rale de l\u2019association\u00a0<\/strong>( sous r\u00e9serves)<\/li>\n<li><strong>Samedi 27 juin 2026 \u2013 Hors-les-murs\u00a0<\/strong>(si la m\u00e9t\u00e9o le permet)<\/li>\n<\/ul>\n[\/et_pb_text][\/et_pb_column][\/et_pb_row][\/et_pb_section]\n","protected":false},"excerpt":{"rendered":"<p>Voici\u00a0l\u2019agenda des r\u00e9unions pour la saison 2025-2026\u00a0, r\u00e9unions qui auront lieu dans le local de la\u00a0Maison des Soci\u00e9t\u00e9s d\u2019Oullins\u00a0(commune d\u2019Oullins-Pierre-B\u00e9nite)\u00a0 ;\u00a0salle n\u00b01 et n\u00b02 de\u00a014h15 \u00e0 18h\u00a0( il est possible de partir quand vous le souhaitez, mais nous vous demandons d\u2019arriver \u00e0 l\u2019heure autant que possible pour d\u00e9marrer la r\u00e9union ensemble) . La participation \u00e0 [&hellip;]<\/p>\n","protected":false},"author":38,"featured_media":3395,"comment_status":"open","ping_status":"open","sticky":false,"template":"","format":"standard","meta":{"_et_pb_use_builder":"on","_et_pb_old_content":"","_et_gb_content_width":"","footnotes":""},"categories":[4],"tags":[],"class_list":["post-3376","post","type-post","status-publish","format-standard","has-post-thumbnail","hentry","category-agenda"],"yoast_head":"<!-- This site is optimized with the Yoast SEO plugin v28.3 - https:\/\/yoast.com\/product\/yoast-seo-wordpress\/ -->\n<title>Agenda des r\u00e9unions 2025-2026 - M\u00e9diagoras Lyon<\/title>\n<meta name=\"description\" content=\"L&#039;agenda des r\u00e9unions pour la saison 2025-2026 , r\u00e9unions qui auront lieu dans le local de la Maison des Soci\u00e9t\u00e9s d\u2019Oullins-Pierre-B\u00e9nite.\" \/>\n<meta name=\"robots\" content=\"index, follow, max-snippet:-1, max-image-preview:large, max-video-preview:-1\" \/>\n<link rel=\"canonical\" href=\"https:\/\/mediagoras.fr\/exemple\/2025\/08\/30\/agenda-des-reunions-2025-2026\/\" \/>\n<meta property=\"og:locale\" content=\"fr_FR\" \/>\n<meta property=\"og:type\" content=\"article\" \/>\n<meta property=\"og:title\" content=\"Agenda des r\u00e9unions 2025-2026 - M\u00e9diagoras Lyon\" \/>\n<meta property=\"og:description\" content=\"L&#039;agenda des r\u00e9unions pour la saison 2025-2026 , r\u00e9unions qui auront lieu dans le local de la Maison des Soci\u00e9t\u00e9s d\u2019Oullins-Pierre-B\u00e9nite.\" \/>\n<meta property=\"og:url\" content=\"https:\/\/mediagoras.fr\/exemple\/2025\/08\/30\/agenda-des-reunions-2025-2026\/\" \/>\n<meta property=\"og:site_name\" content=\"M\u00e9diagoras Lyon\" \/>\n<meta property=\"article:published_time\" content=\"2025-08-30T16:18:24+00:00\" \/>\n<meta property=\"article:modified_time\" content=\"2026-09-02T16:20:43+00:00\" \/>\n<meta property=\"og:image\" content=\"http:\/\/mediagoras.fr\/exemple\/files\/2026\/07\/agenda-2025-2026.jpg\" \/>\n\t<meta property=\"og:image:width\" content=\"1000\" \/>\n\t<meta property=\"og:image:height\" content=\"620\" \/>\n\t<meta property=\"og:image:type\" content=\"image\/jpeg\" \/>\n<meta name=\"author\" content=\"M\u00e9diagora Lyon\" \/>\n<meta name=\"twitter:card\" content=\"summary_large_image\" \/>\n<meta name=\"twitter:label1\" content=\"\u00c9crit par\" \/>\n\t<meta name=\"twitter:data1\" content=\"M\u00e9diagora Lyon\" \/>\n\t<meta name=\"twitter:label2\" content=\"Dur\u00e9e de lecture estim\u00e9e\" \/>\n\t<meta name=\"twitter:data2\" content=\"2 minutes\" \/>\n<script type=\"application\/ld+json\" class=\"yoast-schema-graph\">{\"@context\":\"https:\\\/\\\/schema.org\",\"@graph\":[{\"@type\":\"Article\",\"@id\":\"https:\\\/\\\/mediagoras.fr\\\/exemple\\\/2025\\\/08\\\/30\\\/agenda-des-reunions-2025-2026\\\/#article\",\"isPartOf\":{\"@id\":\"https:\\\/\\\/mediagoras.fr\\\/exemple\\\/2025\\\/08\\\/30\\\/agenda-des-reunions-2025-2026\\\/\"},\"author\":{\"name\":\"M\u00e9diagora Lyon\",\"@id\":\"https:\\\/\\\/mediagoras.fr\\\/exemple\\\/#\\\/schema\\\/person\\\/b1dca128dd8d4a1ccdf6fc4cdf405c4d\"},\"headline\":\"Agenda des r\u00e9unions 2025-2026\",\"datePublished\":\"2025-08-30T16:18:24+00:00\",\"dateModified\":\"2026-09-02T16:20:43+00:00\",\"mainEntityOfPage\":{\"@id\":\"https:\\\/\\\/mediagoras.fr\\\/exemple\\\/2025\\\/08\\\/30\\\/agenda-des-reunions-2025-2026\\\/\"},\"wordCount\":249,\"commentCount\":0,\"image\":{\"@id\":\"https:\\\/\\\/mediagoras.fr\\\/exemple\\\/2025\\\/08\\\/30\\\/agenda-des-reunions-2025-2026\\\/#primaryimage\"},\"thumbnailUrl\":\"https:\\\/\\\/mediagoras.fr\\\/exemple\\\/files\\\/2026\\\/07\\\/agenda-2025-2026.jpg\",\"articleSection\":[\"Agenda\"],\"inLanguage\":\"fr-FR\",\"potentialAction\":[{\"@type\":\"CommentAction\",\"name\":\"Comment\",\"target\":[\"https:\\\/\\\/mediagoras.fr\\\/exemple\\\/2025\\\/08\\\/30\\\/agenda-des-reunions-2025-2026\\\/#respond\"]}]},{\"@type\":\"WebPage\",\"@id\":\"https:\\\/\\\/mediagoras.fr\\\/exemple\\\/2025\\\/08\\\/30\\\/agenda-des-reunions-2025-2026\\\/\",\"url\":\"https:\\\/\\\/mediagoras.fr\\\/exemple\\\/2025\\\/08\\\/30\\\/agenda-des-reunions-2025-2026\\\/\",\"name\":\"Agenda des r\u00e9unions 2025-2026 - M\u00e9diagoras Lyon\",\"isPartOf\":{\"@id\":\"https:\\\/\\\/mediagoras.fr\\\/exemple\\\/#website\"},\"primaryImageOfPage\":{\"@id\":\"https:\\\/\\\/mediagoras.fr\\\/exemple\\\/2025\\\/08\\\/30\\\/agenda-des-reunions-2025-2026\\\/#primaryimage\"},\"image\":{\"@id\":\"https:\\\/\\\/mediagoras.fr\\\/exemple\\\/2025\\\/08\\\/30\\\/agenda-des-reunions-2025-2026\\\/#primaryimage\"},\"thumbnailUrl\":\"https:\\\/\\\/mediagoras.fr\\\/exemple\\\/files\\\/2026\\\/07\\\/agenda-2025-2026.jpg\",\"datePublished\":\"2025-08-30T16:18:24+00:00\",\"dateModified\":\"2026-09-02T16:20:43+00:00\",\"author\":{\"@id\":\"https:\\\/\\\/mediagoras.fr\\\/exemple\\\/#\\\/schema\\\/person\\\/b1dca128dd8d4a1ccdf6fc4cdf405c4d\"},\"description\":\"L'agenda des r\u00e9unions pour la saison 2025-2026 , r\u00e9unions qui auront lieu dans le local de la Maison des Soci\u00e9t\u00e9s d\u2019Oullins-Pierre-B\u00e9nite.\",\"breadcrumb\":{\"@id\":\"https:\\\/\\\/mediagoras.fr\\\/exemple\\\/2025\\\/08\\\/30\\\/agenda-des-reunions-2025-2026\\\/#breadcrumb\"},\"inLanguage\":\"fr-FR\",\"potentialAction\":[{\"@type\":\"ReadAction\",\"target\":[\"https:\\\/\\\/mediagoras.fr\\\/exemple\\\/2025\\\/08\\\/30\\\/agenda-des-reunions-2025-2026\\\/\"]}]},{\"@type\":\"ImageObject\",\"inLanguage\":\"fr-FR\",\"@id\":\"https:\\\/\\\/mediagoras.fr\\\/exemple\\\/2025\\\/08\\\/30\\\/agenda-des-reunions-2025-2026\\\/#primaryimage\",\"url\":\"https:\\\/\\\/mediagoras.fr\\\/exemple\\\/files\\\/2026\\\/07\\\/agenda-2025-2026.jpg\",\"contentUrl\":\"https:\\\/\\\/mediagoras.fr\\\/exemple\\\/files\\\/2026\\\/07\\\/agenda-2025-2026.jpg\",\"width\":1000,\"height\":620},{\"@type\":\"BreadcrumbList\",\"@id\":\"https:\\\/\\\/mediagoras.fr\\\/exemple\\\/2025\\\/08\\\/30\\\/agenda-des-reunions-2025-2026\\\/#breadcrumb\",\"itemListElement\":[{\"@type\":\"ListItem\",\"position\":1,\"name\":\"Accueil\",\"item\":\"https:\\\/\\\/mediagoras.fr\\\/exemple\\\/\"},{\"@type\":\"ListItem\",\"position\":2,\"name\":\"Agenda des r\u00e9unions 2025-2026\"}]},{\"@type\":\"WebSite\",\"@id\":\"https:\\\/\\\/mediagoras.fr\\\/exemple\\\/#website\",\"url\":\"https:\\\/\\\/mediagoras.fr\\\/exemple\\\/\",\"name\":\"M\u00e9diagoras Lyon\",\"description\":\"Un site utilisant R\u00e9seau Mediagora\",\"potentialAction\":[{\"@type\":\"SearchAction\",\"target\":{\"@type\":\"EntryPoint\",\"urlTemplate\":\"https:\\\/\\\/mediagoras.fr\\\/exemple\\\/?s={search_term_string}\"},\"query-input\":{\"@type\":\"PropertyValueSpecification\",\"valueRequired\":true,\"valueName\":\"search_term_string\"}}],\"inLanguage\":\"fr-FR\"},{\"@type\":\"Person\",\"@id\":\"https:\\\/\\\/mediagoras.fr\\\/exemple\\\/#\\\/schema\\\/person\\\/b1dca128dd8d4a1ccdf6fc4cdf405c4d\",\"name\":\"M\u00e9diagora Lyon\",\"image\":{\"@type\":\"ImageObject\",\"inLanguage\":\"fr-FR\",\"@id\":\"https:\\\/\\\/secure.gravatar.com\\\/avatar\\\/19de2636eee3080ff42976ddb42c9b880770cb02c6bfcbabafb91274f7740767?s=96&d=mm&r=g\",\"url\":\"https:\\\/\\\/secure.gravatar.com\\\/avatar\\\/19de2636eee3080ff42976ddb42c9b880770cb02c6bfcbabafb91274f7740767?s=96&d=mm&r=g\",\"contentUrl\":\"https:\\\/\\\/secure.gravatar.com\\\/avatar\\\/19de2636eee3080ff42976ddb42c9b880770cb02c6bfcbabafb91274f7740767?s=96&d=mm&r=g\",\"caption\":\"M\u00e9diagora Lyon\"},\"url\":\"https:\\\/\\\/mediagoras.fr\\\/exemple\\\/author\\\/tolita\\\/\"}]}<\/script>\n<!-- \/ Yoast SEO plugin. -->","yoast_head_json":{"title":"Agenda des r\u00e9unions 2025-2026 - M\u00e9diagoras Lyon","description":"L'agenda des r\u00e9unions pour la saison 2025-2026 , r\u00e9unions qui auront lieu dans le local de la Maison des Soci\u00e9t\u00e9s d\u2019Oullins-Pierre-B\u00e9nite.","robots":{"index":"index","follow":"follow","max-snippet":"max-snippet:-1","max-image-preview":"max-image-preview:large","max-video-preview":"max-video-preview:-1"},"canonical":"https:\/\/mediagoras.fr\/exemple\/2025\/08\/30\/agenda-des-reunions-2025-2026\/","og_locale":"fr_FR","og_type":"article","og_title":"Agenda des r\u00e9unions 2025-2026 - M\u00e9diagoras Lyon","og_description":"L'agenda des r\u00e9unions pour la saison 2025-2026 , r\u00e9unions qui auront lieu dans le local de la Maison des Soci\u00e9t\u00e9s d\u2019Oullins-Pierre-B\u00e9nite.","og_url":"https:\/\/mediagoras.fr\/exemple\/2025\/08\/30\/agenda-des-reunions-2025-2026\/","og_site_name":"M\u00e9diagoras Lyon","article_published_time":"2025-08-30T16:18:24+00:00","article_modified_time":"2026-09-02T16:20:43+00:00","og_image":[{"width":1000,"height":620,"url":"http:\/\/mediagoras.fr\/exemple\/files\/2026\/07\/agenda-2025-2026.jpg","type":"image\/jpeg"}],"author":"M\u00e9diagora Lyon","twitter_card":"summary_large_image","twitter_misc":{"\u00c9crit par":"M\u00e9diagora Lyon","Dur\u00e9e de lecture estim\u00e9e":"2 minutes"},"schema":{"@context":"https:\/\/schema.org","@graph":[{"@type":"Article","@id":"https:\/\/mediagoras.fr\/exemple\/2025\/08\/30\/agenda-des-reunions-2025-2026\/#article","isPartOf":{"@id":"https:\/\/mediagoras.fr\/exemple\/2025\/08\/30\/agenda-des-reunions-2025-2026\/"},"author":{"name":"M\u00e9diagora Lyon","@id":"https:\/\/mediagoras.fr\/exemple\/#\/schema\/person\/b1dca128dd8d4a1ccdf6fc4cdf405c4d"},"headline":"Agenda des r\u00e9unions 2025-2026","datePublished":"2025-08-30T16:18:24+00:00","dateModified":"2026-09-02T16:20:43+00:00","mainEntityOfPage":{"@id":"https:\/\/mediagoras.fr\/exemple\/2025\/08\/30\/agenda-des-reunions-2025-2026\/"},"wordCount":249,"commentCount":0,"image":{"@id":"https:\/\/mediagoras.fr\/exemple\/2025\/08\/30\/agenda-des-reunions-2025-2026\/#primaryimage"},"thumbnailUrl":"https:\/\/mediagoras.fr\/exemple\/files\/2026\/07\/agenda-2025-2026.jpg","articleSection":["Agenda"],"inLanguage":"fr-FR","potentialAction":[{"@type":"CommentAction","name":"Comment","target":["https:\/\/mediagoras.fr\/exemple\/2025\/08\/30\/agenda-des-reunions-2025-2026\/#respond"]}]},{"@type":"WebPage","@id":"https:\/\/mediagoras.fr\/exemple\/2025\/08\/30\/agenda-des-reunions-2025-2026\/","url":"https:\/\/mediagoras.fr\/exemple\/2025\/08\/30\/agenda-des-reunions-2025-2026\/","name":"Agenda des r\u00e9unions 2025-2026 - M\u00e9diagoras Lyon","isPartOf":{"@id":"https:\/\/mediagoras.fr\/exemple\/#website"},"primaryImageOfPage":{"@id":"https:\/\/mediagoras.fr\/exemple\/2025\/08\/30\/agenda-des-reunions-2025-2026\/#primaryimage"},"image":{"@id":"https:\/\/mediagoras.fr\/exemple\/2025\/08\/30\/agenda-des-reunions-2025-2026\/#primaryimage"},"thumbnailUrl":"https:\/\/mediagoras.fr\/exemple\/files\/2026\/07\/agenda-2025-2026.jpg","datePublished":"2025-08-30T16:18:24+00:00","dateModified":"2026-09-02T16:20:43+00:00","author":{"@id":"https:\/\/mediagoras.fr\/exemple\/#\/schema\/person\/b1dca128dd8d4a1ccdf6fc4cdf405c4d"},"description":"L'agenda des r\u00e9unions pour la saison 2025-2026 , r\u00e9unions qui auront lieu dans le local de la Maison des Soci\u00e9t\u00e9s d\u2019Oullins-Pierre-B\u00e9nite.","breadcrumb":{"@id":"https:\/\/mediagoras.fr\/exemple\/2025\/08\/30\/agenda-des-reunions-2025-2026\/#breadcrumb"},"inLanguage":"fr-FR","potentialAction":[{"@type":"ReadAction","target":["https:\/\/mediagoras.fr\/exemple\/2025\/08\/30\/agenda-des-reunions-2025-2026\/"]}]},{"@type":"ImageObject","inLanguage":"fr-FR","@id":"https:\/\/mediagoras.fr\/exemple\/2025\/08\/30\/agenda-des-reunions-2025-2026\/#primaryimage","url":"https:\/\/mediagoras.fr\/exemple\/files\/2026\/07\/agenda-2025-2026.jpg","contentUrl":"https:\/\/mediagoras.fr\/exemple\/files\/2026\/07\/agenda-2025-2026.jpg","width":1000,"height":620},{"@type":"BreadcrumbList","@id":"https:\/\/mediagoras.fr\/exemple\/2025\/08\/30\/agenda-des-reunions-2025-2026\/#breadcrumb","itemListElement":[{"@type":"ListItem","position":1,"name":"Accueil","item":"https:\/\/mediagoras.fr\/exemple\/"},{"@type":"ListItem","position":2,"name":"Agenda des r\u00e9unions 2025-2026"}]},{"@type":"WebSite","@id":"https:\/\/mediagoras.fr\/exemple\/#website","url":"https:\/\/mediagoras.fr\/exemple\/","name":"M\u00e9diagoras Lyon","description":"Un site utilisant R\u00e9seau Mediagora","potentialAction":[{"@type":"SearchAction","target":{"@type":"EntryPoint","urlTemplate":"https:\/\/mediagoras.fr\/exemple\/?s={search_term_string}"},"query-input":{"@type":"PropertyValueSpecification","valueRequired":true,"valueName":"search_term_string"}}],"inLanguage":"fr-FR"},{"@type":"Person","@id":"https:\/\/mediagoras.fr\/exemple\/#\/schema\/person\/b1dca128dd8d4a1ccdf6fc4cdf405c4d","name":"M\u00e9diagora Lyon","image":{"@type":"ImageObject","inLanguage":"fr-FR","@id":"https:\/\/secure.gravatar.com\/avatar\/19de2636eee3080ff42976ddb42c9b880770cb02c6bfcbabafb91274f7740767?s=96&d=mm&r=g","url":"https:\/\/secure.gravatar.com\/avatar\/19de2636eee3080ff42976ddb42c9b880770cb02c6bfcbabafb91274f7740767?s=96&d=mm&r=g","contentUrl":"https:\/\/secure.gravatar.com\/avatar\/19de2636eee3080ff42976ddb42c9b880770cb02c6bfcbabafb91274f7740767?s=96&d=mm&r=g","caption":"M\u00e9diagora Lyon"},"url":"https:\/\/mediagoras.fr\/exemple\/author\/tolita\/"}]}},"_links":{"self":[{"href":"https:\/\/mediagoras.fr\/exemple\/wp-json\/wp\/v2\/posts\/3376","targetHints":{"allow":["GET"]}}],"collection":[{"href":"https:\/\/mediagoras.fr\/exemple\/wp-json\/wp\/v2\/posts"}],"about":[{"href":"https:\/\/mediagoras.fr\/exemple\/wp-json\/wp\/v2\/types\/post"}],"author":[{"embeddable":true,"href":"https:\/\/mediagoras.fr\/exemple\/wp-json\/wp\/v2\/users\/38"}],"replies":[{"embeddable":true,"href":"https:\/\/mediagoras.fr\/exemple\/wp-json\/wp\/v2\/comments?post=3376"}],"version-history":[{"count":3,"href":"https:\/\/mediagoras.fr\/exemple\/wp-json\/wp\/v2\/posts\/3376\/revisions"}],"predecessor-version":[{"id":3719,"href":"https:\/\/mediagoras.fr\/exemple\/wp-json\/wp\/v2\/posts\/3376\/revisions\/3719"}],"wp:featuredmedia":[{"embeddable":true,"href":"https:\/\/mediagoras.fr\/exemple\/wp-json\/wp\/v2\/media\/3395"}],"wp:attachment":[{"href":"https:\/\/mediagoras.fr\/exemple\/wp-json\/wp\/v2\/media?parent=3376"}],"wp:term":[{"taxonomy":"category","embeddable":true,"href":"https:\/\/mediagoras.fr\/exemple\/wp-json\/wp\/v2\/categories?post=3376"},{"taxonomy":"post_tag","embeddable":true,"href":"https:\/\/mediagoras.fr\/exemple\/wp-json\/wp\/v2\/tags?post=3376"}],"curies":[{"name":"wp","href":"https:\/\/api.w.org\/{rel}","templated":true}]}}