{"id":1056,"date":"2012-06-30T22:02:34","date_gmt":"2012-06-30T20:02:34","guid":{"rendered":"http:\/\/mediagoras.fr\/lyon\/?p=1056"},"modified":"2014-03-21T23:02:24","modified_gmt":"2014-03-21T22:02:24","slug":"agenda-2011-2012","status":"publish","type":"post","link":"https:\/\/mediagoras.fr\/lyon\/agenda-2011-2012\/","title":{"rendered":"Agenda 2011-2012"},"content":{"rendered":"<h2 style=\"text-align: center;\">Cette ann\u00e9e a \u00e9t\u00e9 pour notre association celle du renouveau !<\/h2>\n<h3 style=\"text-align: center;\">En effet, non seulement nous avons b\u00e9n\u00e9fici\u00e9 de l\u2019intervention b\u00e9n\u00e9vole de nouveaux animateurs, nous allons f\u00eater notre 10\u00e8me anniversaire, et nous avons d\u00e9j\u00e0 inaugur\u00e9 un <a title=\"Plans d\u2019acc\u00e8s\" href=\"https:\/\/mediagoras.fr\/lyon\/plans-dacces\/\">nouveau lieu de r\u00e9union<\/a>.<\/h3>\n<p style=\"text-align: center;\"><span style=\"color: #000000;\">1\u00e8re nouveaut\u00e9, <span style=\"color: #ff0000;\">les annonces de cet <strong style=\"color: black; background-color: #ffff66;\">agenda<\/strong> sont en ordre chronologique inverse<\/span>, comme les articles des blogs, c\u2019est \u00e0 dire les dates + r\u00e9centes en 1er.<\/span><\/p>\n<p style=\"text-align: center;\"><span style=\"color: #000000;\">Par contre, ce qui ne change pas pour le moment, ce sont nos horaires. En effet, sauf mention contraire sur une date particuli\u00e8re, nos r\u00e9unions commencent<\/span> <strong><span style=\"color: #339966;\">\u00e0 14h et se terminent \u00e0 18h.<\/span><\/strong><\/p>\n<p style=\"text-align: center;\"><span style=\"font-size: medium; color: #000000;\">14h-14h30 accueil individuel des nouveaux venus &#8211; 16h30 pause \u2013 17h sophrologie ou autre activit\u00e9.<\/span><\/p>\n<h2 style=\"text-align: center;\"><\/h2>\n<h2 style=\"text-align: center;\"><strong>30 juin 2012<\/strong><\/h2>\n<p style=\"text-align: center;\">Bilan de l\u2019ann\u00e9e, et perspectives pour l\u2019ann\u00e9e prochaine<\/p>\n<p style=\"text-align: center;\">\u00e0 17h sophrologie avec <a href=\"mailto:benoit.edith@orange.fr\">Edith<\/a><\/p>\n<p>&nbsp;<\/p>\n<h2 style=\"text-align: center;\"><strong><span style=\"color: #ff0000; font-size: xx-large;\">23 juin 2012<\/span><\/strong><\/h2>\n<p>&nbsp;<\/p>\n<p style=\"text-align: center;\"><span style=\"color: #ff0000; font-size: x-large;\">***Anniversaire <strong><span style=\"color: #000080;\">10 ans<\/span><\/strong> de <strong style=\"color: black; background-color: #99ff99;\">M\u00e9diagora<\/strong> <strong style=\"color: black; background-color: #ff9999;\">Lyon<\/strong>*** <\/span><\/p>\n<p style=\"text-align: center;\"><span style=\"color: #008000; font-size: medium;\">***Attention ! ce ne sera pas \u00e0 notre local habituel d\u2019Oullins, mais au <a title=\"Lieu alternatif\" href=\"https:\/\/mediagoras.fr\/lyon\/lieu-alternatif\/\"><strong><span style=\"color: #000080;\">47 rue Delandine<\/span><\/strong><\/a> \u00e0 <strong style=\"color: black; background-color: #ff9999;\">Lyon<\/strong>***<\/span><\/p>\n<p style=\"text-align: center;\"><span style=\"color: #ff0000; font-size: large;\"><span style=\"color: #000000; font-size: medium;\">Cet \u00e9v\u00e9nement sera l\u2019occasion d\u2019un apr\u00e8s-midi \u00ab\u00a0portes ouvertes\u00a0\u00bb. Il n\u2019est pas n\u00e9cessaire d\u2019\u00eatre membre ou ex-membre pour y participer. Inscriptions (avant le 18 juin) \u2013&gt; <a href=\"https:\/\/mediagoras.fr\/lyon\/essais\/\">ICI<\/a> &lt;\u2013 ou bien au 06 51 69 16 52 ensuite.<\/span><\/span><\/p>\n<p>&nbsp;<\/p>\n<h2 style=\"text-align: center;\"><\/h2>\n<h2 style=\"text-align: center;\"><strong>16 juin 2012<\/strong><\/h2>\n<h2 style=\"text-align: center;\"><span style=\"font-size: medium; color: #999999;\"><span style=\"color: #000000;\">Assembl\u00e9e G\u00e9n\u00e9rale ordinaire (r\u00e9serv\u00e9e aux membres \u00e0 jour de cotisation)<\/span><\/span><\/h2>\n<p>&nbsp;<\/p>\n<p>&nbsp;<\/p>\n<h2 style=\"text-align: center;\"><span style=\"background-color: #ffff00;\"><strong>2 juin 2012<\/strong><\/span><\/h2>\n<h2 style=\"text-align: center;\"><span style=\"font-size: medium; color: #999999;\"><span style=\"color: #000000; font-size: large;\">R\u00e9union sp\u00e9ciale Agoraphobes<\/span><\/span><\/h2>\n<p><span style=\"color: #808080;\">(si vous souffrez d\u2019agoraphobie, cette r\u00e9union est faite pour vous; il sera \u00e9ventuellement possible que nous venions vous chercher \u00e0 domicile ou d\u2019organiser des co-voiturage; n\u2019h\u00e9sitez pas \u00e0 nous contacter)<\/span><\/p>\n<p>&nbsp;<\/p>\n<p>Anne-Ga\u00eblle Salom\u00e9 et Michelle Quillon, psychologues, interviendront lors de cette s\u00e9ance.<\/p>\n<p>Nous essayerons de r\u00e9pondre \u00e0 diff\u00e9rentes questions.<\/p>\n<p>Comment se traiter alors qu\u2019\u00e0 priori les agoraphobes ont du mal \u00e0 sortir?<\/p>\n<p>Comment travailler (pistes), alors qu\u2019\u00e0 priori les agoraphobes ont du mal \u00e0 sortir?<\/p>\n<p>Comment se soigner lorsque l\u2019on ne peut pas travailler et que l\u2019on n\u2019a pas les moyens financiers de financer sa th\u00e9rapie ?<\/p>\n<p>De l\u2019impact de la maladie sur la vie sociale et professionnelle.<\/p>\n<p>Comment ne pas retomber dans le pi\u00e8ge de l\u2019agoraphobie lorsqu\u2019on commence un peu \u00e0 sortir le bout de son nez, les signes \u00e0 reconnaitre etc\u2026<\/p>\n<p>Les m\u00e9canismes de la maladie et les fa\u00e7ons dont elle s\u2019exprime.<\/p>\n<p>Les diff\u00e9rentes th\u00e9rapies.<\/p>\n<p>Edith (sophrologue) interviendra pour nous parler de la sophrologie et des bienfaits qu\u2019elle peut nous apporter.<\/p>\n<h2 style=\"text-align: center;\"><strong>19 mai 2012<\/strong><\/h2>\n<p style=\"text-align: center;\"><span style=\"color: #ff00ff; font-size: large;\">L\u2019anxi\u00e9t\u00e9 professionnelle <\/span><\/p>\n<p style=\"text-align: center;\"><span style=\"color: #ff00ff; font-size: large;\"><span style=\"color: #333333; font-size: small;\">(par l\u00e0, nous entendons toute axi\u00e9t\u00e9 v\u00e9cue en dehors de la sph\u00e8re familiale et amicale, donc l\u2019activit\u00e9 professionnelle, mais aussi scolaire ou \u2026 associative !)<\/span><\/span><\/p>\n<p>&nbsp;<\/p>\n<p>&nbsp;<\/p>\n<h2 style=\"text-align: center;\"><strong>5 mai 2012<\/strong><\/h2>\n<p style=\"text-align: center;\"><span style=\"color: #808080; font-size: medium;\"><span style=\"color: #008000; font-size: large;\">Les \u00e9motions<\/span><\/span><\/p>\n<p><span style=\"font-size: small;\"><span style=\"font-size: medium;\">(comment les rep\u00e9rer et les identifier chez soi-m\u00eame et chez les autres, et comment les g\u00e9rer) anim\u00e9 par Alain<\/span><\/span><\/p>\n<p>&nbsp;<\/p>\n<p style=\"text-align: center;\"><span style=\"color: #800080;\"><span style=\"color: #000000;\"> \u00e0 17h<\/span> pr\u00e9sentation de l\u2019affirmation de soi<\/span> par une praticienne des TCC de groupe<\/p>\n<p>&nbsp;<\/p>\n<h2 style=\"text-align: center;\"><strong>21 avril 2012<\/strong><\/h2>\n<h2 style=\"text-align: center;\">Trucs et Astuces pour lutter contre l\u2019anxi\u00e9t\u00e9<\/h2>\n<p style=\"text-align: center;\"><span style=\"color: #000080; font-size: x-large;\"><span style=\"font-size: medium;\"><em>La fin de la r\u00e9union sera r\u00e9solument ludique, en tous cas interactive<\/em><\/span><\/span><\/p>\n<p>&nbsp;<\/p>\n<p>&nbsp;<\/p>\n<h2 style=\"text-align: center;\"><strong>17 mars 2012<\/strong><\/h2>\n<p style=\"text-align: center;\"><span style=\"color: #008000; font-size: large;\"> \u00a0\u00bb<span style=\"color: #ff9900;\">Images<\/span> et \u00c9motions\u00a0\u00bb <span style=\"color: #808080;\">anim\u00e9 par Anne-Ga\u00eblle<\/span><\/span><\/p>\n<p><span style=\"color: #000000;\">\u00e0 17h<\/span><span style=\"color: #800080;\"> sophrologie<\/span> avec <a href=\"mailto:benoit.edith@orange.fr\">Edith<\/a><\/p>\n<p>&nbsp;<\/p>\n<p>&nbsp;<\/p>\n<p>&nbsp;<\/p>\n<p style=\"text-align: center;\"><em><span style=\"color: #000000;\"> Du<\/span> <strong>12 au 25 <span style=\"color: #000000;\">mars<\/span><\/strong>, aura lieu la <a href=\"http:\/\/sism69.fr\/\" target=\"_blank\">Semaine d\u2019information sur la Sant\u00e9 Mentale du Rh\u00f4ne<\/a> <span style=\"color: #000000;\">(SISM69) qui, dans le Rh\u00f4ne, dure 2 semaines. Bien que <strong style=\"color: black; background-color: #99ff99;\">M\u00e9diagora<\/strong> <strong style=\"color: black; background-color: #ff9999;\">Lyon<\/strong> ne participe pas cette ann\u00e9e \u00e0 ces manifestations, nous vous encourageons vivement \u00e0 aller vous informer sur de nombreux dispositifs de sant\u00e9 mentale existant dans notre d\u00e9partement. Tous les d\u00e9tails sur<\/span> <a href=\"http:\/\/sism69.fr\/\" target=\"_blank\">le site officiel<\/a> <span style=\"color: #000000;\">de cette quinzaine<\/span>.<\/em><\/p>\n<p>&nbsp;<\/p>\n<p>&nbsp;<\/p>\n<h2 style=\"text-align: center;\"><strong>3 mars 2012<\/strong><\/h2>\n<h2 style=\"text-align: center;\"><span style=\"font-size: large;\"><span style=\"color: #000000;\">Difficult\u00e9s<\/span> \u00e0 <span style=\"color: #339966;\">\u00e9tablir des liens<\/span> et <span style=\"color: #ff0000;\">isolement<\/span> <span style=\"font-size: small;\">anim\u00e9 par Anne-Ga\u00eblle<\/span><\/span><\/h2>\n<p>&nbsp;<\/p>\n<p>\u00e0 17h sophrologie avec <a href=\"mailto:benoit.edith@orange.fr\">Edith<\/a><\/p>\n<p>&nbsp;<\/p>\n<h2 style=\"text-align: center;\"><strong>4 f\u00e9vrier 2012<\/strong><\/h2>\n<h2 style=\"text-align: center;\"><span style=\"font-size: large;\"><span style=\"color: #000000;\">Les aspects<\/span> <span style=\"color: #993300;\">n\u00e9gatifs<\/span> et <span style=\"color: #339966;\">positifs<\/span> de la <span style=\"color: #ff0000;\">honte<\/span> <span style=\"color: #000000;\">dans nos vies<\/span><\/span><\/h2>\n<p><span style=\"color: #000000;\">Comment l\u2019apprivoiser ?<\/span><span style=\"font-size: small;\"> anim\u00e9 par Alain<\/span><\/p>\n<p>&nbsp;<\/p>\n<h2 style=\"text-align: center;\"><strong>28 janvier 2012<\/strong><\/h2>\n<p style=\"text-align: center;\">accueil des nouveaux venus <span style=\"color: #000080;\">\u00e0 14h<\/span> pr\u00e9cises<\/p>\n<p style=\"text-align: center;\"><span style=\"font-size: medium; color: #000000;\"><span style=\"color: #003300;\"> M\u00e9dicaments<\/span> et <span style=\"color: #000080;\">Psychoth\u00e9rapies <span style=\"font-size: small;\">anim\u00e9 par Anne-Ga\u00eblle<\/span><\/span><\/span><\/p>\n<p><span style=\"color: #000000; font-size: x-small;\">(nous sommes nombreux \u00e0 avoir exp\u00e9riment\u00e9 les uns et\/ou les autres)<\/span><\/p>\n<p style=\"text-align: center;\"><span style=\"color: #800080;\"><span style=\"color: #000000;\">\u00e0 17h<\/span> sophrologie<\/span> avec <a href=\"mailto:benoit.edith@orange.fr\">Edith<\/a><\/p>\n<h2 style=\"text-align: center;\"><\/h2>\n<h2 style=\"text-align: center;\"><strong>7 janvier 2012<\/strong><\/h2>\n<p><span style=\"color: #ff0000;\"> de 14h \u00e0 18h<\/span><\/p>\n<h3 style=\"text-align: center;\"><span style=\"font-size: medium;\"> Pour inaugurer nos nouveaux locaux, nous tiendrons une r\u00e9union d\u2019ajustement et essaierons de programmer le contenu des r\u00e9unions jusqu\u2019\u00e0 la fin de l\u2019ann\u00e9e. La galette des rois sera partag\u00e9e avec tous les pr\u00e9sents.<\/span><\/h3>\n<h2 style=\"text-align: center;\"><\/h2>\n<h2 style=\"text-align: center;\">\u2014\u2014\u2014\u2014\u2014\u2014\u2014\u2014\u2014\u2014\u2014\u2014\u2014\u2014\u2014\u2014\u2014\u2014\u2014\u2014\u2014\u2013<\/h2>\n<h2 style=\"text-align: center;\"><\/h2>\n<h2 style=\"text-align: center;\"><strong>10 d\u00e9cembre 2011<\/strong><\/h2>\n<p style=\"text-align: center;\">La projection du film\u00a0\u00bb les Emotifs anonymes\u00a0\u00bb<\/p>\n<p style=\"text-align: center;\">suivie d\u2019une discussion-\u00e9change<\/p>\n<p style=\"text-align: center;\"><span style=\"color: #00ff00;\"><span style=\"color: #000000;\">A partir de 17h<\/span>, <strong><span style=\"color: #339966;\">sophrologie<\/span><\/strong> <span style=\"color: #000000;\">avec<\/span> <a href=\"mailto:benoit.edith@orange.fr\">Edith<\/a><\/span><\/p>\n<p style=\"text-align: center;\">puis (entre 19h et 21h) <span style=\"color: #800080;\">partage d\u2019un repas de fin d\u2019ann\u00e9e<\/span><\/p>\n<h6 style=\"text-align: center;\">(cette r\u00e9union sera en principe la derni\u00e8re de 2011)<\/h6>\n<p style=\"text-align: center;\">chacun apporte un plat \u00e0 d\u00e9guster ensemble<\/p>\n<h2 style=\"text-align: center;\"><\/h2>\n<h2 style=\"text-align: center;\"><strong>26 novembre 2011<\/strong><\/h2>\n<p><span style=\"color: #ff0000;\"><strong>PEURS ET<\/strong><strong> COURAGE<\/strong><\/span><\/p>\n<p>&nbsp;<\/p>\n<p>Nous vivons tous avec une ou des <span style=\"text-decoration: underline;\"><strong>peurs<\/strong><\/span> qui nous freinent, voire qui nous handicapent.<\/p>\n<p>Pourtant, beaucoup d\u2019entre nous font preuve de <span style=\"text-decoration: underline;\"><strong>courage.<\/strong><\/span><\/p>\n<p>Nous pouvons distinguer deux sortes de<strong> courage<\/strong>:<\/p>\n<p>1) celui que nous mettons en oeuvre pour surmonter nos<strong> peurs<\/strong> (donc avec la sensation r\u00e9elle ou suppos\u00e9e de nous mettre en danger)<\/p>\n<p>2) le <strong>courage<\/strong> quotidien, celui que nous mettons en oeuvre pour nous lever le matin ou pour ranger nos papiers ou notre habitation.<\/p>\n<p>Le manque du 1er nous connecte \u00e0 la honte (qui fera l\u2019objet d\u2019une prochaine r\u00e9union), le manque du second nous connecte \u00e0 l\u2019\u00e9tat d\u00e9pressif que nous sommes trop nombreux a avoir exp\u00e9riment\u00e9.<\/p>\n<p>Donc, ce th\u00e8me peut au moins se d\u00e9cliner en 2 sous-th\u00e8mes, voire plus..<\/p>\n<h3>A partir de 17h, <strong>sophrologie<\/strong> avec <a href=\"mailto:benoit.edith@orange.fr\">Edith<\/a><\/h3>\n<h2 style=\"text-align: center;\"><span style=\"color: #000000;\"><strong>12 novembre 2011<\/strong><\/span><\/h2>\n<h3 style=\"text-align: center;\">Le bonheur<\/h3>\n<p style=\"text-align: left;\">\u00ab\u00a0Imaginer le bonheur. Que repr\u00e9sente le bonheur pour nous ? Quelles repr\u00e9sentations concr\u00e8tes ? Avons-nous d\u00e9j\u00e0 connu des moments de bonheur, si oui, quand, et peuvent-ils se reproduire ? Que faire pour oeuvrer \u00e0 notre propre bonheur ? Croyons-nous que les autres sont plus heureux que nous ? Sommes-nous jaloux de leur bonheur ? Sentons-nous que nous ne \u00ab\u00a0m\u00e9ritons\u00a0\u00bb pas le bonheur, ou au contraire, que nous y avons pleinement droit ?\u00a0\u00bb<\/p>\n<p style=\"text-align: center;\">Accueil des nouveaux venus \u00e0 14 H pr\u00e9cises<\/p>\n<p>&nbsp;<\/p>\n<h2 style=\"text-align: center;\"><span style=\"color: #000000;\"><strong><span style=\"color: #ff0000;\">pas de r\u00e9union<\/span> le 29 octobre 2011 !<\/strong><\/span><\/h2>\n<p>&nbsp;<\/p>\n<h2 style=\"text-align: center;\"><strong>15 octobre 2011<\/strong><\/h2>\n<p>&#8211; Nos r\u00eaves (dans le sens : buts dans la vie). Quels ont \u00e9t\u00e9 nos r\u00eaves, enfants? (pompier, astronaute, boulanger etc) Avons-nous accompli des r\u00eaves? Pouvons-nous accomplir nos buts, malgr\u00e9 nos troubles? Comment s\u2019y prendre? En quoi la recherche de l\u2019accomplissement de nos r\u00eaves peut \u00eatre un moteur dans la gu\u00e9rison? etc<\/p>\n<p>Nous vous proposons donc de venir \u00e9changer samedi de 14h \u00e0 18h rue Delandine autour de ce sujet. La r\u00e9union(anim\u00e9e par Anne-Ga\u00eblle) sera cl\u00f4tur\u00e9e par une s\u00e9ance de sophrologie anim\u00e9e par Edith.<\/p>\n<h2 style=\"text-align: center;\"><strong><strong>1er octobre 2011<\/strong><\/strong><\/h2>\n<h2>M\u00eame lieu m\u00eame horaire. Le th\u00e8me en sera \u00ab\u00a0Ce que le regard des autres me fait vivre\u00a0\u00bb<\/h2>\n<h3>Anne-Ga\u00eblle animatrice psychologue b\u00e9n\u00e9vole nous apporte des pr\u00e9cisions sur ce th\u00e8me:<\/h3>\n<h5>\u00ab\u00a0Dans la vie quotidienne, il se peut que l\u2019on soit amen\u00e9 \u00e0 ressentir une certaine g\u00eane ou anxi\u00e9t\u00e9 lorsque l\u2019on se retrouve confront\u00e9 au regard de l\u2019Autre. De ce fait, on peut-\u00eatre amen\u00e9 \u00e0 \u00e9viter certaines situations afin d\u2019\u00e9chapper au regard de l\u2019autre, susceptible de nous rendre mal \u00e0 l\u2019aise. Nous vous proposons de venir partager autour de la th\u00e9matique : \u00ab\u00a0Ce que le regard des autres me fait vivre\u00a0\u00bb, \u00e0 partir des t\u00e9moignages des uns et des autres.\u00a0\u00bb<\/h5>\n<p>&nbsp;<\/p>\n<h2 style=\"text-align: center;\"><strong>17 septembre 2011<\/strong><\/h2>\n<p>Ainsi, notre r\u00e9union de rentr\u00e9e, aura lieu au local de l\u2019association amie ICEBERGS <span style=\"color: #339966;\">samedi 17 septembre<\/span> de <span style=\"color: #ff0000;\">14h<\/span> \u00e0 <span style=\"color: #ff0000;\">18h<\/span> au <a title=\"Plans d\u2019acc\u00e8s\" href=\"https:\/\/mediagoras.fr\/lyon\/plans-dacces\/\">47 rue Delandine<\/a> (derri\u00e8re Perrache).<\/p>\n<p>(cf aussi notre rubrique \u00ab\u00a0le lieu\u00a0\u00bb dans le menu \u00ab\u00a0Nos r\u00e9unions\u00a0\u00bb)<\/p>\n<h3>Pause \u00e0 partir de 16h30, puis la derni\u00e8re heure sera consacr\u00e9e \u00e0 une initiation \u00e0 la Sophrologie offerte par Edith.<\/h3>\n<h3><\/h3>\n<p>&nbsp;<\/p>\n","protected":false},"excerpt":{"rendered":"<p>Cette ann\u00e9e a \u00e9t\u00e9 pour notre association celle du renouveau ! En effet, non seulement nous avons b\u00e9n\u00e9fici\u00e9 de l\u2019intervention b\u00e9n\u00e9vole de nouveaux animateurs, nous allons f\u00eater notre 10\u00e8me anniversaire, et nous avons d\u00e9j\u00e0 inaugur\u00e9 un nouveau lieu de r\u00e9union. 1\u00e8re nouveaut\u00e9, les annonces de cet agenda sont en ordre chronologique inverse, comme les articles [&hellip;]<\/p>\n","protected":false},"author":1,"featured_media":0,"comment_status":"closed","ping_status":"closed","sticky":false,"template":"","format":"standard","meta":{"_et_pb_use_builder":"","_et_pb_old_content":"","_et_gb_content_width":"","footnotes":""},"categories":[3],"tags":[],"class_list":["post-1056","post","type-post","status-publish","format-standard","hentry","category-agenda"],"yoast_head":"<!-- This site is optimized with the Yoast SEO plugin v27.5 - https:\/\/yoast.com\/product\/yoast-seo-wordpress\/ -->\n<title>Agenda 2011-2012 - M\u00e9diagora Lyon<\/title>\n<meta name=\"robots\" content=\"index, follow, max-snippet:-1, max-image-preview:large, max-video-preview:-1\" \/>\n<link rel=\"canonical\" href=\"https:\/\/mediagoras.fr\/lyon\/agenda-2011-2012\/\" \/>\n<meta property=\"og:locale\" content=\"fr_FR\" \/>\n<meta property=\"og:type\" content=\"article\" \/>\n<meta property=\"og:title\" content=\"Agenda 2011-2012 - M\u00e9diagora Lyon\" \/>\n<meta property=\"og:description\" content=\"Cette ann\u00e9e a \u00e9t\u00e9 pour notre association celle du renouveau ! En effet, non seulement nous avons b\u00e9n\u00e9fici\u00e9 de l\u2019intervention b\u00e9n\u00e9vole de nouveaux animateurs, nous allons f\u00eater notre 10\u00e8me anniversaire, et nous avons d\u00e9j\u00e0 inaugur\u00e9 un nouveau lieu de r\u00e9union. 1\u00e8re nouveaut\u00e9, les annonces de cet agenda sont en ordre chronologique inverse, comme les articles [&hellip;]\" \/>\n<meta property=\"og:url\" content=\"https:\/\/mediagoras.fr\/lyon\/agenda-2011-2012\/\" \/>\n<meta property=\"og:site_name\" content=\"M\u00e9diagora Lyon\" \/>\n<meta property=\"article:published_time\" content=\"2012-06-30T20:02:34+00:00\" \/>\n<meta property=\"article:modified_time\" content=\"2014-03-21T22:02:24+00:00\" \/>\n<meta name=\"author\" content=\"coordinateur\" \/>\n<meta name=\"twitter:card\" content=\"summary_large_image\" \/>\n<meta name=\"twitter:label1\" content=\"\u00c9crit par\" \/>\n\t<meta name=\"twitter:data1\" content=\"coordinateur\" \/>\n\t<meta name=\"twitter:label2\" content=\"Dur\u00e9e de lecture estim\u00e9e\" \/>\n\t<meta name=\"twitter:data2\" content=\"6 minutes\" \/>\n<script type=\"application\/ld+json\" class=\"yoast-schema-graph\">{\"@context\":\"https:\\\/\\\/schema.org\",\"@graph\":[{\"@type\":\"Article\",\"@id\":\"https:\\\/\\\/mediagoras.fr\\\/lyon\\\/agenda-2011-2012\\\/#article\",\"isPartOf\":{\"@id\":\"https:\\\/\\\/mediagoras.fr\\\/lyon\\\/agenda-2011-2012\\\/\"},\"author\":{\"name\":\"coordinateur\",\"@id\":\"https:\\\/\\\/mediagoras.fr\\\/lyon\\\/#\\\/schema\\\/person\\\/371b520c59f15bb56ea39e5c4eff8449\"},\"headline\":\"Agenda 2011-2012\",\"datePublished\":\"2012-06-30T20:02:34+00:00\",\"dateModified\":\"2014-03-21T22:02:24+00:00\",\"mainEntityOfPage\":{\"@id\":\"https:\\\/\\\/mediagoras.fr\\\/lyon\\\/agenda-2011-2012\\\/\"},\"wordCount\":1267,\"articleSection\":[\"R\u00e9unions bi-mensuelles\"],\"inLanguage\":\"fr-FR\"},{\"@type\":\"WebPage\",\"@id\":\"https:\\\/\\\/mediagoras.fr\\\/lyon\\\/agenda-2011-2012\\\/\",\"url\":\"https:\\\/\\\/mediagoras.fr\\\/lyon\\\/agenda-2011-2012\\\/\",\"name\":\"Agenda 2011-2012 - M\u00e9diagora Lyon\",\"isPartOf\":{\"@id\":\"https:\\\/\\\/mediagoras.fr\\\/lyon\\\/#website\"},\"datePublished\":\"2012-06-30T20:02:34+00:00\",\"dateModified\":\"2014-03-21T22:02:24+00:00\",\"author\":{\"@id\":\"https:\\\/\\\/mediagoras.fr\\\/lyon\\\/#\\\/schema\\\/person\\\/371b520c59f15bb56ea39e5c4eff8449\"},\"breadcrumb\":{\"@id\":\"https:\\\/\\\/mediagoras.fr\\\/lyon\\\/agenda-2011-2012\\\/#breadcrumb\"},\"inLanguage\":\"fr-FR\",\"potentialAction\":[{\"@type\":\"ReadAction\",\"target\":[\"https:\\\/\\\/mediagoras.fr\\\/lyon\\\/agenda-2011-2012\\\/\"]}]},{\"@type\":\"BreadcrumbList\",\"@id\":\"https:\\\/\\\/mediagoras.fr\\\/lyon\\\/agenda-2011-2012\\\/#breadcrumb\",\"itemListElement\":[{\"@type\":\"ListItem\",\"position\":1,\"name\":\"Accueil\",\"item\":\"https:\\\/\\\/mediagoras.fr\\\/lyon\\\/\"},{\"@type\":\"ListItem\",\"position\":2,\"name\":\"Agenda 2011-2012\"}]},{\"@type\":\"WebSite\",\"@id\":\"https:\\\/\\\/mediagoras.fr\\\/lyon\\\/#website\",\"url\":\"https:\\\/\\\/mediagoras.fr\\\/lyon\\\/\",\"name\":\"M\u00e9diagora Lyon\",\"description\":\"Il n&#039;est jamais trop tard pour prendre contact\",\"potentialAction\":[{\"@type\":\"SearchAction\",\"target\":{\"@type\":\"EntryPoint\",\"urlTemplate\":\"https:\\\/\\\/mediagoras.fr\\\/lyon\\\/?s={search_term_string}\"},\"query-input\":{\"@type\":\"PropertyValueSpecification\",\"valueRequired\":true,\"valueName\":\"search_term_string\"}}],\"inLanguage\":\"fr-FR\"},{\"@type\":\"Person\",\"@id\":\"https:\\\/\\\/mediagoras.fr\\\/lyon\\\/#\\\/schema\\\/person\\\/371b520c59f15bb56ea39e5c4eff8449\",\"name\":\"coordinateur\",\"image\":{\"@type\":\"ImageObject\",\"inLanguage\":\"fr-FR\",\"@id\":\"https:\\\/\\\/secure.gravatar.com\\\/avatar\\\/b05fd088e11b24854f599207a549f763470878cbda4f3872e8e10eed13ff9e46?s=96&d=mm&r=g\",\"url\":\"https:\\\/\\\/secure.gravatar.com\\\/avatar\\\/b05fd088e11b24854f599207a549f763470878cbda4f3872e8e10eed13ff9e46?s=96&d=mm&r=g\",\"contentUrl\":\"https:\\\/\\\/secure.gravatar.com\\\/avatar\\\/b05fd088e11b24854f599207a549f763470878cbda4f3872e8e10eed13ff9e46?s=96&d=mm&r=g\",\"caption\":\"coordinateur\"}}]}<\/script>\n<!-- \/ Yoast SEO plugin. -->","yoast_head_json":{"title":"Agenda 2011-2012 - M\u00e9diagora Lyon","robots":{"index":"index","follow":"follow","max-snippet":"max-snippet:-1","max-image-preview":"max-image-preview:large","max-video-preview":"max-video-preview:-1"},"canonical":"https:\/\/mediagoras.fr\/lyon\/agenda-2011-2012\/","og_locale":"fr_FR","og_type":"article","og_title":"Agenda 2011-2012 - M\u00e9diagora Lyon","og_description":"Cette ann\u00e9e a \u00e9t\u00e9 pour notre association celle du renouveau ! En effet, non seulement nous avons b\u00e9n\u00e9fici\u00e9 de l\u2019intervention b\u00e9n\u00e9vole de nouveaux animateurs, nous allons f\u00eater notre 10\u00e8me anniversaire, et nous avons d\u00e9j\u00e0 inaugur\u00e9 un nouveau lieu de r\u00e9union. 1\u00e8re nouveaut\u00e9, les annonces de cet agenda sont en ordre chronologique inverse, comme les articles [&hellip;]","og_url":"https:\/\/mediagoras.fr\/lyon\/agenda-2011-2012\/","og_site_name":"M\u00e9diagora Lyon","article_published_time":"2012-06-30T20:02:34+00:00","article_modified_time":"2014-03-21T22:02:24+00:00","author":"coordinateur","twitter_card":"summary_large_image","twitter_misc":{"\u00c9crit par":"coordinateur","Dur\u00e9e de lecture estim\u00e9e":"6 minutes"},"schema":{"@context":"https:\/\/schema.org","@graph":[{"@type":"Article","@id":"https:\/\/mediagoras.fr\/lyon\/agenda-2011-2012\/#article","isPartOf":{"@id":"https:\/\/mediagoras.fr\/lyon\/agenda-2011-2012\/"},"author":{"name":"coordinateur","@id":"https:\/\/mediagoras.fr\/lyon\/#\/schema\/person\/371b520c59f15bb56ea39e5c4eff8449"},"headline":"Agenda 2011-2012","datePublished":"2012-06-30T20:02:34+00:00","dateModified":"2014-03-21T22:02:24+00:00","mainEntityOfPage":{"@id":"https:\/\/mediagoras.fr\/lyon\/agenda-2011-2012\/"},"wordCount":1267,"articleSection":["R\u00e9unions bi-mensuelles"],"inLanguage":"fr-FR"},{"@type":"WebPage","@id":"https:\/\/mediagoras.fr\/lyon\/agenda-2011-2012\/","url":"https:\/\/mediagoras.fr\/lyon\/agenda-2011-2012\/","name":"Agenda 2011-2012 - M\u00e9diagora Lyon","isPartOf":{"@id":"https:\/\/mediagoras.fr\/lyon\/#website"},"datePublished":"2012-06-30T20:02:34+00:00","dateModified":"2014-03-21T22:02:24+00:00","author":{"@id":"https:\/\/mediagoras.fr\/lyon\/#\/schema\/person\/371b520c59f15bb56ea39e5c4eff8449"},"breadcrumb":{"@id":"https:\/\/mediagoras.fr\/lyon\/agenda-2011-2012\/#breadcrumb"},"inLanguage":"fr-FR","potentialAction":[{"@type":"ReadAction","target":["https:\/\/mediagoras.fr\/lyon\/agenda-2011-2012\/"]}]},{"@type":"BreadcrumbList","@id":"https:\/\/mediagoras.fr\/lyon\/agenda-2011-2012\/#breadcrumb","itemListElement":[{"@type":"ListItem","position":1,"name":"Accueil","item":"https:\/\/mediagoras.fr\/lyon\/"},{"@type":"ListItem","position":2,"name":"Agenda 2011-2012"}]},{"@type":"WebSite","@id":"https:\/\/mediagoras.fr\/lyon\/#website","url":"https:\/\/mediagoras.fr\/lyon\/","name":"M\u00e9diagora Lyon","description":"Il n&#039;est jamais trop tard pour prendre contact","potentialAction":[{"@type":"SearchAction","target":{"@type":"EntryPoint","urlTemplate":"https:\/\/mediagoras.fr\/lyon\/?s={search_term_string}"},"query-input":{"@type":"PropertyValueSpecification","valueRequired":true,"valueName":"search_term_string"}}],"inLanguage":"fr-FR"},{"@type":"Person","@id":"https:\/\/mediagoras.fr\/lyon\/#\/schema\/person\/371b520c59f15bb56ea39e5c4eff8449","name":"coordinateur","image":{"@type":"ImageObject","inLanguage":"fr-FR","@id":"https:\/\/secure.gravatar.com\/avatar\/b05fd088e11b24854f599207a549f763470878cbda4f3872e8e10eed13ff9e46?s=96&d=mm&r=g","url":"https:\/\/secure.gravatar.com\/avatar\/b05fd088e11b24854f599207a549f763470878cbda4f3872e8e10eed13ff9e46?s=96&d=mm&r=g","contentUrl":"https:\/\/secure.gravatar.com\/avatar\/b05fd088e11b24854f599207a549f763470878cbda4f3872e8e10eed13ff9e46?s=96&d=mm&r=g","caption":"coordinateur"}}]}},"_links":{"self":[{"href":"https:\/\/mediagoras.fr\/lyon\/wp-json\/wp\/v2\/posts\/1056","targetHints":{"allow":["GET"]}}],"collection":[{"href":"https:\/\/mediagoras.fr\/lyon\/wp-json\/wp\/v2\/posts"}],"about":[{"href":"https:\/\/mediagoras.fr\/lyon\/wp-json\/wp\/v2\/types\/post"}],"author":[{"embeddable":true,"href":"https:\/\/mediagoras.fr\/lyon\/wp-json\/wp\/v2\/users\/1"}],"replies":[{"embeddable":true,"href":"https:\/\/mediagoras.fr\/lyon\/wp-json\/wp\/v2\/comments?post=1056"}],"version-history":[{"count":5,"href":"https:\/\/mediagoras.fr\/lyon\/wp-json\/wp\/v2\/posts\/1056\/revisions"}],"predecessor-version":[{"id":1441,"href":"https:\/\/mediagoras.fr\/lyon\/wp-json\/wp\/v2\/posts\/1056\/revisions\/1441"}],"wp:attachment":[{"href":"https:\/\/mediagoras.fr\/lyon\/wp-json\/wp\/v2\/media?parent=1056"}],"wp:term":[{"taxonomy":"category","embeddable":true,"href":"https:\/\/mediagoras.fr\/lyon\/wp-json\/wp\/v2\/categories?post=1056"},{"taxonomy":"post_tag","embeddable":true,"href":"https:\/\/mediagoras.fr\/lyon\/wp-json\/wp\/v2\/tags?post=1056"}],"curies":[{"name":"wp","href":"https:\/\/api.w.org\/{rel}","templated":true}]}}