{"id":1304,"date":"2014-07-18T00:01:24","date_gmt":"2014-07-17T22:01:24","guid":{"rendered":"http:\/\/mediagoras.fr\/lyon\/?p=1304"},"modified":"2014-07-18T13:58:50","modified_gmt":"2014-07-18T11:58:50","slug":"agenda-2013-2014","status":"publish","type":"post","link":"https:\/\/mediagoras.fr\/lyon\/agenda-2013-2014\/","title":{"rendered":"Agenda 2013-2014"},"content":{"rendered":"<p>&nbsp;<\/p>\n<p style=\"text-align: center;\"><span style=\"font-size: x-large;\"><span style=\"color: #000000;\">Voici l&rsquo;agenda de nos r\u00e9unions pr\u00e9vues pour l&rsquo;ann\u00e9e<\/span><strong> 2013-2014<\/strong>.<\/span><\/p>\n<p style=\"text-align: center;\"><span style=\"font-size: large;\"><strong><span style=\"color: #000000;\"> Sauf mention contraire<\/span><\/strong> sur une date particuli\u00e8re, nos r\u00e9unions <strong>commencent<\/strong> <strong><span style=\"color: #cc0000;\">\u00e0 14h<\/span> et se terminent <span style=\"color: #cc0000;\">\u00e0 18h<\/span>. <\/strong>Et le lieu est celui pr\u00e9cis\u00e9 dans les sous-menus<a title=\"Lieux de nos r\u00e9unions\" href=\"https:\/\/mediagoras.fr\/lyon\/les-lieux\/\"><strong> <\/strong><strong>\u00ab\u00a0Nos R\u00e9unions\u00a0\u00bb &gt; \u00ab\u00a0Lieux\u00a0\u00bb <\/strong><\/a><\/span><\/p>\n<p style=\"text-align: center;\"><span style=\"font-size: large;\"><span style=\"color: #cc0000;\"><em><span style=\"color: #cc0000;\">Dans ces 2 sous-menus il est \u00e9galement expliqu\u00e9 comment venir en voiture ou en TCL (M\u00e9tro ou Bus)<\/span><\/em>.<\/span><strong><br \/>\n<\/strong><\/span><\/p>\n<p><span style=\"color: #008000;\">14h-14h30<\/span> accueil individuel des nouveaux venus &#8211; <span style=\"color: #008000;\">14h30-15h<\/span> bref tour de table <span style=\"font-size: small;\">(prise de parole facultative)<\/span> &#8211; <span style=\"color: #008000;\">15h-16h30<\/span> activit\u00e9 principale <span style=\"font-size: small;\">(par ex groupe de parole)<\/span> &#8211; <span style=\"color: #008000;\">16h30<\/span> pause &#8211; <span style=\"color: #008000;\">17h<\/span> sophrologie ou autre atelier.<\/p>\n<hr \/>\n<p><strong>DATES PREVISIONNELLES POUR NOS REUNIONS<\/strong> \u2013 Saison 2013\/2014<\/p>\n<p>Vous pouvez trouver l&rsquo;agenda 2014-2015 dans l&rsquo;entr\u00e9e correspondante du menu \u00ab\u00a0Agenda\u00a0\u00bb<\/p>\n<p>Sachez dors et d\u00e9j\u00e0 que notre 1er rendez-vous de la prochaine saison sera le <strong>6 septembre<\/strong> \u00e0 l&rsquo;occasion du <span style=\"background-color: #ffff00;\">Forum des Associations d&rsquo;Oullins<\/span> o\u00f9 nous tiendrons une permanence sur notre stand.<\/p>\n<p><strong>R\u00e9unions pass\u00e9es:<\/strong><\/p>\n<p>&#8211;\u00a0 <strong>Vendredi 4 juillet<\/strong> : M\u00e9diagora Lyon a particip\u00e9 \u00e0 la <span style=\"background-color: #ffff00;\"><strong>\u00ab\u00a0Marche pour la dignit\u00e9 et pour une psychiatrie citoyenne\u00a0\u00bb<\/strong><\/span> organis\u00e9e par les GEM Oxygem et Arlequin.<\/p>\n<p>&#8211;\u00a0\u00a0 Samedi 28 juin : Groupe de parole + atelier GESS<\/p>\n<p>&#8211;\u00a0\u00a0 Samedi\u00a0 21 juin :\u00a0 M\u00e9t\u00e9o\u00a0 puis Assembl\u00e9e G\u00e9n\u00e9rale + sophrologie (\u00e0 partir de 17h)<\/p>\n<p>&#8211;\u00a0\u00a0 Samedi 17 mai :\u00a0 1ere atelier: groupe de parole sur un th\u00e8me \u00e0 d\u00e9terminer + GESS \u00e0 partir de 17h.<\/p>\n<p>&#8211; Samedi 26 avril : r\u00e9union ordinaire avec un groupe de parole et un GESS\u00a0\u00a0 (Groupe d&rsquo;Entra\u00eenement aux Situations Sociales).<\/p>\n<p>&#8211; Samedi 5 avril<strong>\u00a0 \u00a0<\/strong> r\u00e9union ordinaire avec un groupe de parole et\/ou un GESS et\/ou un atelier th\u00e9\u00e2tre\u00a0 (2 de ces 3 activit\u00e9s seront bient\u00f4t choisies).<\/p>\n<p><span style=\"color: #000000;\">&#8211; Samedi 22 mars : Atelier th\u00e9\u00e2tre avec Maud + sophrologie avec Edith<\/span><\/p>\n<p style=\"text-align: center;\"><span style=\"font-size: large;\">La <a title=\"Programme de la SISM 2014 dans le 69\" href=\"http:\/\/sism69.fr\/programme-de-la-sism-2014-dans-le-rhone\/\" target=\"_blank\">SISM s&rsquo;est d\u00e9roul\u00e9e cette ann\u00e9e du 10 au 23 mars<\/a> dans le Rh\u00f4ne<br \/>\n<\/span><\/p>\n<p>&#8211;\u00a0Samedi 15 mars : GESS + Yoga du Rire<\/p>\n<p>&#8211; Samedi 22 f\u00e9vrier : Groupes de Parole (th\u00e8me L&rsquo;amour) + sophrologie avec Edith<br \/>\n&#8211; Samedi 8 f\u00e9vrier : Groupe d&rsquo;Entrainement aux Situations Sociales + atelier Th\u00e9atre anim\u00e9 par Maud<br \/>\n&#8211; Samedi 25 janvier : musicoth\u00e9rapie avec Eytan + sophrologie avec Edith<br \/>\n&#8211; Samedi 11 janvier 2014 : Groupe de parole + atelier GESS<\/p>\n<p>&#8211; Samedi 21 d\u00e9cembre : <a title=\"A propos de cette salle\" href=\"https:\/\/mediagoras.fr\/lyon\/lieu-alternatif\/\"><span style=\"color: #000000; background-color: #ffff00;\">Lieu rue Delandine<\/span><\/a> &#8211; th\u00e8me surprise + sophrologie avec <span style=\"font-size: small;\"><span style=\"font-size: medium;\">Edith<\/span> &#8211; Cette r\u00e9union fut suivie \u00e0 partir de 19h par notre repas de fin d&rsquo;ann\u00e9e.<br \/>\n<\/span><\/p>\n<p>&#8211; Samedi 7 d\u00e9cembre :\u00a0 atelier th\u00e9atre avec Maud\u00a0 + sophrologie avec Edith<\/p>\n<p>&#8211;\u00a0\u00a0Samedi 23 novembre : atelier musique et expression corporelle par Eytan<br \/>\napr\u00e8s la pause, M.J. Goumy nous pr\u00e9sentera les TCC durant 45mn puis r\u00e9pondra \u00e0 nos questions.<\/p>\n<p>&#8211;\u00a0\u00a0 Samedi 9 novembre : Christophe (un ancien de M\u00e9diagora Lyon) viendra nous pr\u00e9senter son livre, puis atelier th\u00e9atre avec Maud. Et apr\u00e8s la pause, sophrologie avec Edith.<\/p>\n<p>&#8211;\u00a0\u00a0 Samedi 26 octobre : T\u00e9moignage-d\u00e9bat avec Marie-No\u00eblle correspondante du Puy-de-d\u00f4me. Apr\u00e8s la pause atelier GESS.<\/p>\n<p>&#8211; Samedi 12 octobre : <strong>Groupe de parole<\/strong> (th\u00e8me: La peur d&rsquo;avoir peur) +<span style=\"font-size: small;\"> (apr\u00e8s la pause)<\/span> mise en route du <strong>GEC<span style=\"font-size: small;\"><br \/>\n<\/span><\/strong><br \/>\n&#8211;\u00a0\u00a0 Samedi 28 septembre : 2 ateliers concrets + sophrologie avec Edith<\/p>\n<p>&#8211;\u00a0\u00a0\u00a0 Samedi <strong>14<\/strong> septembre : r\u00e9union de rentr\u00e9e et de (re)mise en route<br \/>\nTh\u00e8me de la r\u00e9union : \u00ab\u00a0Pour une nouvelle saison r\u00e9solument <strong>optimiste<\/strong> et <strong>constructive<\/strong>\u00ab\u00a0.<\/p>\n<p>&#8211;\u00a0\u00a0\u00a0\u00a0\u00a0\u00a0\u00a0\u00a0 Samedi 7 septembre:\u00a0 Forum des Associations\u00a0 Nous avons tenu un stand sur le Forum des Associations d&rsquo;Oullins qui s&rsquo;est d\u00e9roul\u00e9\u00a0 au gymnase Herzog (54 rue Jacquard) &#8211; <strong>de 9h \u00e0 18h<\/strong>. Ce fut une bonne opportunit\u00e9 pour rencontrer des responsables de M\u00e9diagora Lyon ainsi que d&rsquo;autres associations.<\/p>\n<p>&#8211;\u00a0\u00a0\u00a0\u00a0\u00a0\u00a0\u00a0\u00a0 Samedi 31 ao\u00fbt\u00a02013\u00a0\u00a0\u00a0 (<strong>r\u00e9union annul\u00e9e<\/strong>)<\/p>\n<p><em><span style=\"color: #000000;\">Si la mise \u00e0 jour de cet agenda tardait, vous pouvez toujours nous contacter (par le menu<\/span> \u00ab\u00a0<a title=\"Contacter Mediagora Lyon\" href=\"https:\/\/mediagoras.fr\/lyon\/nous-contacter\/\">Nous contacter<\/a>\u00ab\u00a0)<\/em><\/p>\n","protected":false},"excerpt":{"rendered":"<p>&nbsp; Voici l&rsquo;agenda de nos r\u00e9unions pr\u00e9vues pour l&rsquo;ann\u00e9e 2013-2014. Sauf mention contraire sur une date particuli\u00e8re, nos r\u00e9unions commencent \u00e0 14h et se terminent \u00e0 18h. Et le lieu est celui pr\u00e9cis\u00e9 dans les sous-menus \u00ab\u00a0Nos R\u00e9unions\u00a0\u00bb &gt; \u00ab\u00a0Lieux\u00a0\u00bb Dans ces 2 sous-menus il est \u00e9galement expliqu\u00e9 comment venir en voiture ou en TCL [&hellip;]<\/p>\n","protected":false},"author":1,"featured_media":0,"comment_status":"closed","ping_status":"open","sticky":false,"template":"","format":"standard","meta":{"_et_pb_use_builder":"","_et_pb_old_content":"","_et_gb_content_width":"","footnotes":""},"categories":[3],"tags":[],"class_list":["post-1304","post","type-post","status-publish","format-standard","hentry","category-agenda"],"yoast_head":"<!-- This site is optimized with the Yoast SEO plugin v27.5 - https:\/\/yoast.com\/product\/yoast-seo-wordpress\/ -->\n<title>Agenda 2013-2014 - Site de M\u00e9diagora Lyon<\/title>\n<meta name=\"robots\" content=\"index, follow, max-snippet:-1, max-image-preview:large, max-video-preview:-1\" \/>\n<link rel=\"canonical\" href=\"https:\/\/mediagoras.fr\/lyon\/agenda-2013-2014\/\" \/>\n<meta property=\"og:locale\" content=\"fr_FR\" \/>\n<meta property=\"og:type\" content=\"article\" \/>\n<meta property=\"og:title\" content=\"Agenda 2013-2014 - Site de M\u00e9diagora Lyon\" \/>\n<meta property=\"og:description\" content=\"&nbsp; Voici l&rsquo;agenda de nos r\u00e9unions pr\u00e9vues pour l&rsquo;ann\u00e9e 2013-2014. Sauf mention contraire sur une date particuli\u00e8re, nos r\u00e9unions commencent \u00e0 14h et se terminent \u00e0 18h. Et le lieu est celui pr\u00e9cis\u00e9 dans les sous-menus \u00ab\u00a0Nos R\u00e9unions\u00a0\u00bb &gt; \u00ab\u00a0Lieux\u00a0\u00bb Dans ces 2 sous-menus il est \u00e9galement expliqu\u00e9 comment venir en voiture ou en TCL [&hellip;]\" \/>\n<meta property=\"og:url\" content=\"https:\/\/mediagoras.fr\/lyon\/agenda-2013-2014\/\" \/>\n<meta property=\"og:site_name\" content=\"M\u00e9diagora Lyon\" \/>\n<meta property=\"article:published_time\" content=\"2014-07-17T22:01:24+00:00\" \/>\n<meta property=\"article:modified_time\" content=\"2014-07-18T11:58:50+00:00\" \/>\n<meta name=\"author\" content=\"coordinateur\" \/>\n<meta name=\"twitter:card\" content=\"summary_large_image\" \/>\n<meta name=\"twitter:label1\" content=\"\u00c9crit par\" \/>\n\t<meta name=\"twitter:data1\" content=\"coordinateur\" \/>\n\t<meta name=\"twitter:label2\" content=\"Dur\u00e9e de lecture estim\u00e9e\" \/>\n\t<meta name=\"twitter:data2\" content=\"3 minutes\" \/>\n<script type=\"application\/ld+json\" class=\"yoast-schema-graph\">{\"@context\":\"https:\\\/\\\/schema.org\",\"@graph\":[{\"@type\":\"Article\",\"@id\":\"https:\\\/\\\/mediagoras.fr\\\/lyon\\\/agenda-2013-2014\\\/#article\",\"isPartOf\":{\"@id\":\"https:\\\/\\\/mediagoras.fr\\\/lyon\\\/agenda-2013-2014\\\/\"},\"author\":{\"name\":\"coordinateur\",\"@id\":\"https:\\\/\\\/mediagoras.fr\\\/lyon\\\/#\\\/schema\\\/person\\\/371b520c59f15bb56ea39e5c4eff8449\"},\"headline\":\"Agenda 2013-2014\",\"datePublished\":\"2014-07-17T22:01:24+00:00\",\"dateModified\":\"2014-07-18T11:58:50+00:00\",\"mainEntityOfPage\":{\"@id\":\"https:\\\/\\\/mediagoras.fr\\\/lyon\\\/agenda-2013-2014\\\/\"},\"wordCount\":618,\"articleSection\":[\"R\u00e9unions bi-mensuelles\"],\"inLanguage\":\"fr-FR\"},{\"@type\":\"WebPage\",\"@id\":\"https:\\\/\\\/mediagoras.fr\\\/lyon\\\/agenda-2013-2014\\\/\",\"url\":\"https:\\\/\\\/mediagoras.fr\\\/lyon\\\/agenda-2013-2014\\\/\",\"name\":\"Agenda 2013-2014 - Site de M\u00e9diagora Lyon\",\"isPartOf\":{\"@id\":\"https:\\\/\\\/mediagoras.fr\\\/lyon\\\/#website\"},\"datePublished\":\"2014-07-17T22:01:24+00:00\",\"dateModified\":\"2014-07-18T11:58:50+00:00\",\"author\":{\"@id\":\"https:\\\/\\\/mediagoras.fr\\\/lyon\\\/#\\\/schema\\\/person\\\/371b520c59f15bb56ea39e5c4eff8449\"},\"breadcrumb\":{\"@id\":\"https:\\\/\\\/mediagoras.fr\\\/lyon\\\/agenda-2013-2014\\\/#breadcrumb\"},\"inLanguage\":\"fr-FR\",\"potentialAction\":[{\"@type\":\"ReadAction\",\"target\":[\"https:\\\/\\\/mediagoras.fr\\\/lyon\\\/agenda-2013-2014\\\/\"]}]},{\"@type\":\"BreadcrumbList\",\"@id\":\"https:\\\/\\\/mediagoras.fr\\\/lyon\\\/agenda-2013-2014\\\/#breadcrumb\",\"itemListElement\":[{\"@type\":\"ListItem\",\"position\":1,\"name\":\"Accueil\",\"item\":\"https:\\\/\\\/mediagoras.fr\\\/lyon\\\/\"},{\"@type\":\"ListItem\",\"position\":2,\"name\":\"Agenda 2013-2014\"}]},{\"@type\":\"WebSite\",\"@id\":\"https:\\\/\\\/mediagoras.fr\\\/lyon\\\/#website\",\"url\":\"https:\\\/\\\/mediagoras.fr\\\/lyon\\\/\",\"name\":\"M\u00e9diagora Lyon\",\"description\":\"Il n&#039;est jamais trop tard pour prendre contact\",\"potentialAction\":[{\"@type\":\"SearchAction\",\"target\":{\"@type\":\"EntryPoint\",\"urlTemplate\":\"https:\\\/\\\/mediagoras.fr\\\/lyon\\\/?s={search_term_string}\"},\"query-input\":{\"@type\":\"PropertyValueSpecification\",\"valueRequired\":true,\"valueName\":\"search_term_string\"}}],\"inLanguage\":\"fr-FR\"},{\"@type\":\"Person\",\"@id\":\"https:\\\/\\\/mediagoras.fr\\\/lyon\\\/#\\\/schema\\\/person\\\/371b520c59f15bb56ea39e5c4eff8449\",\"name\":\"coordinateur\",\"image\":{\"@type\":\"ImageObject\",\"inLanguage\":\"fr-FR\",\"@id\":\"https:\\\/\\\/secure.gravatar.com\\\/avatar\\\/b05fd088e11b24854f599207a549f763470878cbda4f3872e8e10eed13ff9e46?s=96&d=mm&r=g\",\"url\":\"https:\\\/\\\/secure.gravatar.com\\\/avatar\\\/b05fd088e11b24854f599207a549f763470878cbda4f3872e8e10eed13ff9e46?s=96&d=mm&r=g\",\"contentUrl\":\"https:\\\/\\\/secure.gravatar.com\\\/avatar\\\/b05fd088e11b24854f599207a549f763470878cbda4f3872e8e10eed13ff9e46?s=96&d=mm&r=g\",\"caption\":\"coordinateur\"}}]}<\/script>\n<!-- \/ Yoast SEO plugin. -->","yoast_head_json":{"title":"Agenda 2013-2014 - Site de M\u00e9diagora Lyon","robots":{"index":"index","follow":"follow","max-snippet":"max-snippet:-1","max-image-preview":"max-image-preview:large","max-video-preview":"max-video-preview:-1"},"canonical":"https:\/\/mediagoras.fr\/lyon\/agenda-2013-2014\/","og_locale":"fr_FR","og_type":"article","og_title":"Agenda 2013-2014 - Site de M\u00e9diagora Lyon","og_description":"&nbsp; Voici l&rsquo;agenda de nos r\u00e9unions pr\u00e9vues pour l&rsquo;ann\u00e9e 2013-2014. Sauf mention contraire sur une date particuli\u00e8re, nos r\u00e9unions commencent \u00e0 14h et se terminent \u00e0 18h. Et le lieu est celui pr\u00e9cis\u00e9 dans les sous-menus \u00ab\u00a0Nos R\u00e9unions\u00a0\u00bb &gt; \u00ab\u00a0Lieux\u00a0\u00bb Dans ces 2 sous-menus il est \u00e9galement expliqu\u00e9 comment venir en voiture ou en TCL [&hellip;]","og_url":"https:\/\/mediagoras.fr\/lyon\/agenda-2013-2014\/","og_site_name":"M\u00e9diagora Lyon","article_published_time":"2014-07-17T22:01:24+00:00","article_modified_time":"2014-07-18T11:58:50+00:00","author":"coordinateur","twitter_card":"summary_large_image","twitter_misc":{"\u00c9crit par":"coordinateur","Dur\u00e9e de lecture estim\u00e9e":"3 minutes"},"schema":{"@context":"https:\/\/schema.org","@graph":[{"@type":"Article","@id":"https:\/\/mediagoras.fr\/lyon\/agenda-2013-2014\/#article","isPartOf":{"@id":"https:\/\/mediagoras.fr\/lyon\/agenda-2013-2014\/"},"author":{"name":"coordinateur","@id":"https:\/\/mediagoras.fr\/lyon\/#\/schema\/person\/371b520c59f15bb56ea39e5c4eff8449"},"headline":"Agenda 2013-2014","datePublished":"2014-07-17T22:01:24+00:00","dateModified":"2014-07-18T11:58:50+00:00","mainEntityOfPage":{"@id":"https:\/\/mediagoras.fr\/lyon\/agenda-2013-2014\/"},"wordCount":618,"articleSection":["R\u00e9unions bi-mensuelles"],"inLanguage":"fr-FR"},{"@type":"WebPage","@id":"https:\/\/mediagoras.fr\/lyon\/agenda-2013-2014\/","url":"https:\/\/mediagoras.fr\/lyon\/agenda-2013-2014\/","name":"Agenda 2013-2014 - Site de M\u00e9diagora Lyon","isPartOf":{"@id":"https:\/\/mediagoras.fr\/lyon\/#website"},"datePublished":"2014-07-17T22:01:24+00:00","dateModified":"2014-07-18T11:58:50+00:00","author":{"@id":"https:\/\/mediagoras.fr\/lyon\/#\/schema\/person\/371b520c59f15bb56ea39e5c4eff8449"},"breadcrumb":{"@id":"https:\/\/mediagoras.fr\/lyon\/agenda-2013-2014\/#breadcrumb"},"inLanguage":"fr-FR","potentialAction":[{"@type":"ReadAction","target":["https:\/\/mediagoras.fr\/lyon\/agenda-2013-2014\/"]}]},{"@type":"BreadcrumbList","@id":"https:\/\/mediagoras.fr\/lyon\/agenda-2013-2014\/#breadcrumb","itemListElement":[{"@type":"ListItem","position":1,"name":"Accueil","item":"https:\/\/mediagoras.fr\/lyon\/"},{"@type":"ListItem","position":2,"name":"Agenda 2013-2014"}]},{"@type":"WebSite","@id":"https:\/\/mediagoras.fr\/lyon\/#website","url":"https:\/\/mediagoras.fr\/lyon\/","name":"M\u00e9diagora Lyon","description":"Il n&#039;est jamais trop tard pour prendre contact","potentialAction":[{"@type":"SearchAction","target":{"@type":"EntryPoint","urlTemplate":"https:\/\/mediagoras.fr\/lyon\/?s={search_term_string}"},"query-input":{"@type":"PropertyValueSpecification","valueRequired":true,"valueName":"search_term_string"}}],"inLanguage":"fr-FR"},{"@type":"Person","@id":"https:\/\/mediagoras.fr\/lyon\/#\/schema\/person\/371b520c59f15bb56ea39e5c4eff8449","name":"coordinateur","image":{"@type":"ImageObject","inLanguage":"fr-FR","@id":"https:\/\/secure.gravatar.com\/avatar\/b05fd088e11b24854f599207a549f763470878cbda4f3872e8e10eed13ff9e46?s=96&d=mm&r=g","url":"https:\/\/secure.gravatar.com\/avatar\/b05fd088e11b24854f599207a549f763470878cbda4f3872e8e10eed13ff9e46?s=96&d=mm&r=g","contentUrl":"https:\/\/secure.gravatar.com\/avatar\/b05fd088e11b24854f599207a549f763470878cbda4f3872e8e10eed13ff9e46?s=96&d=mm&r=g","caption":"coordinateur"}}]}},"_links":{"self":[{"href":"https:\/\/mediagoras.fr\/lyon\/wp-json\/wp\/v2\/posts\/1304","targetHints":{"allow":["GET"]}}],"collection":[{"href":"https:\/\/mediagoras.fr\/lyon\/wp-json\/wp\/v2\/posts"}],"about":[{"href":"https:\/\/mediagoras.fr\/lyon\/wp-json\/wp\/v2\/types\/post"}],"author":[{"embeddable":true,"href":"https:\/\/mediagoras.fr\/lyon\/wp-json\/wp\/v2\/users\/1"}],"replies":[{"embeddable":true,"href":"https:\/\/mediagoras.fr\/lyon\/wp-json\/wp\/v2\/comments?post=1304"}],"version-history":[{"count":49,"href":"https:\/\/mediagoras.fr\/lyon\/wp-json\/wp\/v2\/posts\/1304\/revisions"}],"predecessor-version":[{"id":1485,"href":"https:\/\/mediagoras.fr\/lyon\/wp-json\/wp\/v2\/posts\/1304\/revisions\/1485"}],"wp:attachment":[{"href":"https:\/\/mediagoras.fr\/lyon\/wp-json\/wp\/v2\/media?parent=1304"}],"wp:term":[{"taxonomy":"category","embeddable":true,"href":"https:\/\/mediagoras.fr\/lyon\/wp-json\/wp\/v2\/categories?post=1304"},{"taxonomy":"post_tag","embeddable":true,"href":"https:\/\/mediagoras.fr\/lyon\/wp-json\/wp\/v2\/tags?post=1304"}],"curies":[{"name":"wp","href":"https:\/\/api.w.org\/{rel}","templated":true}]}}