{"id":1811,"date":"2017-06-29T01:00:44","date_gmt":"2017-06-28T23:00:44","guid":{"rendered":"http:\/\/mediagoras.fr\/lyon\/?p=1811"},"modified":"2017-06-29T09:50:05","modified_gmt":"2017-06-29T07:50:05","slug":"agenda-2016-2017","status":"publish","type":"post","link":"https:\/\/mediagoras.fr\/lyon\/agenda-2016-2017\/","title":{"rendered":"Agenda 2016- 2017"},"content":{"rendered":"<p>Voici l\u2019agenda de nos r\u00e9unions pr\u00e9vues pour l\u2019ann\u00e9e<strong> 2016-2017<\/strong> :<\/p>\n<p><strong> Sauf mention contraire<\/strong> sur une date particuli\u00e8re, nos r\u00e9unions <strong>commencent<\/strong> <strong>\u00e0 14h et se terminent \u00e0 18h. <\/strong>Et le lieu est celui pr\u00e9cis\u00e9 dans les sous-menus<a title=\"Lieux de nos r\u00e9unions\" href=\"https:\/\/mediagoras.fr\/lyon\/les-lieux\/\"> <strong>\u00ab\u00a0Nos R\u00e9unions\u00a0\u00bb &gt; \u00ab\u00a0Lieux\u00a0\u00bb <\/strong><\/a><\/p>\n<p><em>14h-14h20 accueil individuel des nouveaux venus \u2013 14h20-15h bref tour de table (prise de parole facultative) \u2013 15h-16h30 activit\u00e9 principale (par ex groupe de parole) \u2013 16h30 pause \u2013 17h sophrologie ou autre atelier.<\/em><\/p>\n<p><em>Il est possible de partir avant la fin, mais veuillez s\u2019il vous pla\u00eet arriver \u00e0 l\u2019heure.\u00a0 <\/em><\/p>\n<p>N&rsquo;h\u00e9sitez pas \u00e0 prendre contact via le<a href=\"https:\/\/mediagoras.fr\/lyon\/nous-contacter\/\"> formulaire<\/a><\/p>\n<p>&nbsp;<\/p>\n<p>A venir :<\/p>\n<p>&nbsp;<\/p>\n<p><strong> &#8211; Samedi 1<sup>er<\/sup> juillet<\/strong><\/p>\n<p>Dernier rendez-vous de la saison au local et horaires habituels en raison de la m\u00e9t\u00e9o incertaine. Ouvert \u00e0 tous, membres et non membres, bien entendu. Il n&rsquo;est jamais trop tard pour prendre contact !<\/p>\n<p>Nous vous proposons de nous r\u00e9unir pour un bilan de la saison \u00e9coul\u00e9e et nos attentes pour l&rsquo;\u00e9t\u00e9 ou la rentr\u00e9e ( il est souvent plus facile de se motiver \u00e0 plusieurs)\u00a0 autour d&rsquo;un go\u00fbter ( n&rsquo;h\u00e9sitez pas \u00e0 apporter des petits g\u00e2teaux ou boissons si vous le souhaitez).<\/p>\n<p>&nbsp;<\/p>\n<p>&nbsp;<\/p>\n<p>A noter que l&rsquo;assembl\u00e9e g\u00e9n\u00e9rale de l&rsquo;association aura lieu exceptionnellement , \u00e0 la rentr\u00e9e.<\/p>\n<p>&nbsp;<\/p>\n<p><strong>\u00a0 \u00a0\u00a0\u00a0\u00a0\u00a0\u00a0\u00a0\u00a0\u00a0\u00a0\u00a0\u00a0<\/strong><\/p>\n<p>&nbsp;<\/p>\n<hr \/>\n<p><strong>\u00a0\u00a0\u00a0\u00a0\u00a0\u00a0\u00a0\u00a0<\/strong><\/p>\n<p><strong>Il n\u2019y a pas de r\u00e9unions pendant les mois de juillet et ao\u00fbt .<\/strong><\/p>\n<p><strong>\u00a0Pendant la pause de l\u2019\u00e9t\u00e9, il est toujours possible de nous contacter par <a href=\"https:\/\/mediagoras.fr\/lyon\/nous-contacter\/formulaire-de-contact\/\" target=\"_blank\" rel=\"noopener noreferrer\">mail <\/a>ou t\u00e9l\u00e9phone , au 06 51 69 16 52 <\/strong>(Attention, le r\u00e9pondeur vous donnera un autre num\u00e9ro de t\u00e9l\u00e9phone, merci de bien le noter)<strong> .<br \/>\n<\/strong><\/p>\n<p><strong>Les r\u00e9unions de M\u00e9diagora Lyon ont repris le samedi 17 septembre 2016<\/strong>, \u00e0 14h dans le local habituel ( voir <a href=\"https:\/\/mediagoras.fr\/lyon\/les-lieux\/\" target=\"_blank\" rel=\"noopener noreferrer\">Lieux de nos r\u00e9unions <\/a>) .<\/p>\n<p><strong>Michelle et Maud ont \u00e9t\u00e9 pr\u00e9sentes au <a href=\"http:\/\/www.ville-oullins.fr\/tous-les-evenements\/evenement-37\/2016\/09\/03\/forum-des-associations-3182.html?tx_cal_controller%5Btype%5D=tx_cal_phpicalendar&amp;cHash=6a213fcecb96f0161a15d36926d358aa\" target=\"_blank\" rel=\"noopener noreferrer\">Forum des associations de la ville d\u2019Oullins<\/a>, le samedi 3 septembre<\/strong>,<\/p>\n<p><strong>&#8211; Samedi 17 septembre<\/strong><\/p>\n<p>Pour cette premi\u00e8re r\u00e9union de la rentr\u00e9e, anim\u00e9e par Michelle, Maud F. et Alain, accueil d\u00e8s 14h + rapide tour de table de l&rsquo;humeur de chacun, selon votre niveau d&rsquo;angoisse ( rien n&rsquo;est obligatoire \u00e0 M\u00e9diagora, on peut choisir de ne pas parler, de dire quelques mots ou plus !).<\/p>\n<p>Ensuite, un atelier de <strong>photo-expression<\/strong> : les personnes pr\u00e9sentes ont \u00e9t\u00e9 invit\u00e9es \u00e0 choisir parmi des photos propos\u00e9es, celle qui \u00e9tait n\u00e9gative et une autre positive, en nous expliquant rapidement pourquoi. Cet exercice permet de briser la glace au sein du groupe, d&rsquo;exposer en quelques mots nos angoisses.<\/p>\n<p>A 16h30, ce sera l&rsquo;heure du go\u00fbter qui permet d&rsquo;\u00e9changer entre nous, plus simplement d&rsquo;une personne \u00e0 une autre et de pouvoir prendre l&rsquo;air, souffler, partager une boisson et un petit g\u00e2teau.<\/p>\n<p>&nbsp;<\/p>\n<p><strong>&#8211; Samedi 24 septembre<br \/>\n<\/strong><\/p>\n<p>Michelle et Maud ont invit\u00e9 le groupe \u00e0 partager ses trucs et astuces pour lutter contre angoisses et anxi\u00e9t\u00e9, de 15h \u00e0 16h.<\/p>\n<p>A 17h, Michelle a anim\u00e9 une sophrologie des couleurs.<\/p>\n<p>&nbsp;<\/p>\n<p>&nbsp;<\/p>\n<p><strong>&#8211; Samedi 15 octobre<\/strong><\/p>\n<p>Annulation de l&rsquo;atelier th\u00e9\u00e2tre avec Maud C., remplac\u00e9 par des exercices dynamiques propos\u00e9s par Alain. A 17h, retour d&rsquo;Edith pour une s\u00e9ance de sophrologie.<\/p>\n<p><strong><br \/>\n<\/strong><\/p>\n<p><strong>&#8211; Samedi 29 octobre:<\/strong><\/p>\n<p>R\u00e9union anim\u00e9e par Michelle et Maud.<\/p>\n<p>Apr\u00e8s l&rsquo;humeur du jours, nous avons eu le plaisir d\u2019accueillir Eytan pour de la musicoth\u00e9rapie d\u00e8s 15h, avec de nouveaux exercices.<\/p>\n<p>En seconde partie, jeu de mimes au sein du groupe qui a permis \u00e0 tous de participer, d&rsquo;une fa\u00e7on ou d&rsquo;une autre.<\/p>\n<p><strong>\u00a0<\/strong><\/p>\n<p><strong>&#8211;\u00a0 Samedi 12 novembre<\/strong><\/p>\n<p>R\u00e9union anim\u00e9e par Maud F et Alain.<\/p>\n<p>Apr\u00e8s l&rsquo;accueil des participants , tour de table de l&rsquo;humeur des personnes pr\u00e9sentes.<\/p>\n<p>Alain a propos\u00e9 un atelier sur les exercices respiratoires, notamment la coh\u00e9rence cardiaque que Maud exp\u00e9rimente depuis une dizaine de jours avec l&rsquo;aide du livre\u00a0 Coh\u00e9rence cardiaque 365 de David O&rsquo;Hare ( Editions Thierry Souccar).<\/p>\n<p>Apr\u00e8s la pause, GESS ( groupe d&rsquo;entraide aux situations sociales) pour ceux qui souhaitent s&rsquo;entra\u00eener \u00e0 diff\u00e9rentes situations difficiles.<\/p>\n<p><strong>\u00a0\u00a0<\/strong><\/p>\n<p><strong>&#8211; Samedi 26 novembre<\/strong><\/p>\n<p>R\u00e9union anim\u00e9e par Michelle et Maud F.<\/p>\n<p>Intervenant <em><strong>Sylvestre RICHIN<\/strong>, <strong>ost\u00e9opathe<\/strong><\/em> install\u00e9 \u00e0 OULLINS et VILLEURBANNE\u00a0qui est venu nous pr\u00e9senter son activit\u00e9 centr\u00e9e sur le physique et le mental. Il a parl\u00e9 des zones de notre corps les plus tendues quand\u00a0 on est angoiss\u00e9 et a propos\u00e9\u00a0 quelques petits gestes utiles pour se d\u00e9tendre.<\/p>\n<p>Apr\u00e8s la pause, vers 17 h15,\u00a0<strong>sophrologie avec Edith<\/strong><\/p>\n<p><strong>\u00a0<\/strong><\/p>\n<p><strong>&#8211; Samedi 10 d\u00e9cembre<\/strong><\/p>\n<p>R\u00e9union anim\u00e9e par Michelle,\u00a0 Maud F et Alain.<\/p>\n<p>Intervenante <strong>Isabelle ORY, th\u00e9rapeute<\/strong> sp\u00e9cialis\u00e9e dans l&rsquo;\u00e9coute, l&rsquo;\u00e9change, les troubles anxieux et les phobies&#8230;<\/p>\n<p>En deuxi\u00e8me partie, sophrologie annul\u00e9e, faute de personnes pr\u00e9sentes ( la f\u00eate des lumi\u00e8res a perturb\u00e9 les transports en commun, notamment).<\/p>\n<p><strong>&#8211; Samedi 17 d\u00e9cembre<\/strong><\/p>\n<p>Derni\u00e8re r\u00e9union de l&rsquo;ann\u00e9e, dans le <a href=\"https:\/\/mediagoras.fr\/lyon\/reunions-hebdomadaires\/lieu-alternatif\/\">lieu alternatif.\u00a0 <\/a><\/p>\n<p>Apr\u00e8s une longue m\u00e9t\u00e9o o\u00f9 chacun est revenu sur ce qui le pr\u00e9occupait en ce moment, ses r\u00e9ussites et projets, confortablement install\u00e9s dans les canap\u00e9s, le groupe s&rsquo;est anim\u00e9 pour\u00a0\u00bbQui suis-je ?\u00a0\u00bb qui a permis \u00e0 tous de se d\u00e9tendre et de rire !<\/p>\n<p>Apr\u00e8s la r\u00e9union, l&rsquo;assembl\u00e9e est rest\u00e9e partager le repas de fin d&rsquo;ann\u00e9e qui est toujours chaleureux. Nous esp\u00e9rons que ce bon moment a \u00e9t\u00e9 agr\u00e9able \u00e0 tous et nous remercions ceux qui ont particip\u00e9, d&rsquo;une fa\u00e7on ou d&rsquo;une autre,\u00a0 pour leur pr\u00e9sence bienveillante. Nous nous sommes s\u00e9par\u00e9s vers 22h30.<\/p>\n<p>M\u00e9diagora Lyon souhaite \u00e0 tous de belles f\u00eates de fin d&rsquo;ann\u00e9e.<\/p>\n<p><strong>&#8211; Samedi 14 janvier 2017<\/strong><\/p>\n<p>R\u00e9union de rentr\u00e9e avec accueil chaleureux des participants.<\/p>\n<p>Le th\u00e8me de l&rsquo;apr\u00e8s-midi\u00a0 : le regard des autres.<\/p>\n<p>Nous vous proposerons un groupe de parole ( comment supporter le regard des autres, l&rsquo;accepter, le surmonter et le d\u00e9passer) ou un GESS ( groupe d&rsquo;entraite aux situations sociales) selon les besoins des participants ( \u00eatre regard\u00e9 par une ou plusieurs personnes, regarder les autres&#8230;). Encore une fois, aucun exercice n&rsquo;est impos\u00e9.<\/p>\n<p>A la pause de 16h, galette des rois offerte par l&rsquo;association puis sophrologie avec Edith \u00e0 17h.<\/p>\n<p>&nbsp;<\/p>\n<p><strong>&#8211; Samedi 28 janvier<\/strong><\/p>\n<p>R\u00e9union anim\u00e9e par Michelle, Maud et Renaud.<\/p>\n<p>Apr\u00e8s l&rsquo;accueil des personnes pr\u00e9sentes, nous vous proposerons un atelier de photo-expression o\u00f9 il s&rsquo;agit de choisir deux images ( l&rsquo;une qui li\u00e9e \u00e0 une \u00e9motion positive et l&rsquo;autre n\u00e9gative ) parmi celles propos\u00e9es et d&rsquo;expliquer rapidement, au reste du groupe, vos choix.<\/p>\n<p><strong>&#8211; Samedi 4 f\u00e9vrier<\/strong><\/p>\n<p>Groupe de parole sur le th\u00e8me de la honte\u00a0 suivis \u00e0 17h, d&rsquo;un cours de sophrologie avec Edith<\/p>\n<p><strong>&#8211; Samedi 18 f\u00e9vrier :<br \/>\n<\/strong><\/p>\n<p>En premi\u00e8re partie, un nouvel atelier, avec Eytan :<\/p>\n<p><strong>m\u00e9diation par le dessin : non pas du dessin artistique, mais utiliser ses crayons pour exprimer des ressentis, des \u00e9motions&#8230;<\/strong><\/p>\n<p>En deuxi\u00e8me partie, un jeu ( Pictionnary) \u00a0 pour interagir avec le groupe de fa\u00e7on ludique.<\/p>\n<p>&nbsp;<\/p>\n<p><strong>-Samedi 4 mars<\/strong><\/p>\n<p>A 15h, intervention de Delphine THOMAS pour nous pr\u00e9senter la pratique de th\u00e9rapeute REIKI ( initialement pr\u00e9vue en f\u00e9vrier, cette intervention est report\u00e9e \u00e0 cette premi\u00e8re r\u00e9union de mars ).<\/p>\n<p>Apr\u00e8s la pause go\u00fbter de 16h, second atelier ludique avec jeu.<\/p>\n<p><strong>&#8211;\u00a0 Samedi 18 mars<\/strong><\/p>\n<p>Apr\u00e8s l\u2019accueil des participants, atelier de th\u00e9\u00e2tre d&rsquo;impro-jeux de r\u00f4les simples\u00a0 ( bouger dans l&rsquo;espace, se saluer, le jeu des miroirs ou encore diff\u00e9rents mimes ou situations) avec Olivier, l&rsquo;un de nos membres et notre stagiaire Sophie, suivi d&rsquo;une s\u00e9ance de sophrologie avec Edith.<\/p>\n<p><strong> Samedi 1<sup>er<\/sup> avril &#8211;<\/strong><\/p>\n<p><strong><br \/>\n<\/strong>R\u00e9union anim\u00e9e par Michelle, Maud et Sophie.<\/p>\n<p>Accueil des membres et nouvelles personnes puis tour de table de l&rsquo;humeur du jour.<\/p>\n<p>Atelier de th\u00e9\u00e2tre avec Maud C.<\/p>\n<p>A 17h, jeu de soci\u00e9t\u00e9, une nouvelle activit\u00e9 qui semble \u00eatre appr\u00e9ci\u00e9e et qui l\u00e0 aussi, propose d&rsquo;inter- agir avec les autres de fa\u00e7on ludique.<\/p>\n<p>&nbsp;<\/p>\n<p><strong>&#8211; Samedi 22 avril<\/strong><\/p>\n<p>D\u00e8s 14h, accueil des participants et nouveaux , suivi de la m\u00e9t\u00e9o, rapide tour de table de l&rsquo;humeur de chacun qui permet de faire connaissance ou le point sur les situations rencontr\u00e9es entre deux r\u00e9unions.<\/p>\n<p>A 15h, nous vous proposons un groupe de parole sur le th\u00e8me suivant :<\/p>\n<p><strong>Repenser \u00e0 un ou deux \u00e9v\u00e8nements positifs, dans votre vie ou ces derniers temps. Cet (ces) \u00e9v\u00e8nement(s) positif(s) sont ils arriv\u00e9(s) de votre fait et (ou) avec l&rsquo;aide d&rsquo;un tiers ? <\/strong><\/p>\n<p><strong>Exprimez vous sur la satisfaction, le plaisir, la fiert\u00e9&#8230; qui ont pu en d\u00e9couler<\/strong>.<\/p>\n<p><strong>Quel(les) le\u00e7on(s) en tirer ? Que faut-il faire pour qu&rsquo;il (s) se reproduise (nt) ? Quelle nouvelle piste explorer ?<\/strong><\/p>\n<p>Apr\u00e8s la pause go\u00fbter de 16h, nous retrouverons Edith pour sa s\u00e9ance de sophrologie (initialement pr\u00e9vue le 13\/05 et report\u00e9e \u00e0 ce jour).<\/p>\n<p>&nbsp;<\/p>\n<p><strong>&#8211; Samedi 13 mai<\/strong><\/p>\n<p>Apr\u00e8s l&rsquo;accueil des participants et l&rsquo;humeur du jour, notre stagiaire Sophie nous proposera une nouvelle animation th\u00e9\u00e2tre et impro, avec des exercices simples et accessibles aux plus anxieux, avec une r\u00e9elle progression, un regard bienveillant et des exercices en groupe qui permettent \u00e0 tous d&rsquo;essayer de s&rsquo;exposer en douceur, au regard des autres, sans pour autant avoir toute l&rsquo;attention sur soi.<\/p>\n<p>Apr\u00e8s la pause go\u00fbter, ce sera l&rsquo;heure des jeux de soci\u00e9t\u00e9s.<\/p>\n<p>&nbsp;<\/p>\n<p><strong>&#8211; Samedi 10 juin<\/strong><\/p>\n<p>Groupe de parole sur le th\u00e8me suivant :<\/p>\n<div>\u00ab\u00a0<strong>nos psys respectifs<\/strong>\u00a0\u00bb : c<em>ombien nous avons d\u00fb en essayer avant de trouver le bon, les crit\u00e8res que nous avons petit \u00e0 petit mis au point pour les s\u00e9lectionner, les compromis que nous avons d\u00fb faire pour nous adapter \u00e0 eux, les sacrifices financiers que nous avons d\u00fb consentir, etc.<\/em><\/div>\n<div><em>\u00a0<\/em><\/div>\n<div>Apr\u00e8s la pause de 16h, la derni\u00e8re s\u00e9ance de sophrologie de la saison, avec Edith.<\/div>\n<div><\/div>\n<div>\n<p><strong>&#8211; Samedi 24 juin<\/strong><\/p>\n<p>Intervention du psychologue Sylvain Goujard sur le th\u00e8me suivant : \u00a0\u00bb <em><strong>Les grands troubles de la sant\u00e9 mentale et leur m\u00e9thodes de soins en psychoth\u00e9rapie \u00a0\u00bb <\/strong><\/em>suivie d&rsquo;un \u00e9change questions r\u00e9ponses avec les participants.<\/p>\n<p>Nous vous demanderons d&rsquo;arriver avant 15h afin de ne pas interrompre l&rsquo;intervention. Merci.<\/p>\n<\/div>\n","protected":false},"excerpt":{"rendered":"<p>Voici l\u2019agenda de nos r\u00e9unions pr\u00e9vues pour l\u2019ann\u00e9e 2016-2017 : Sauf mention contraire sur une date particuli\u00e8re, nos r\u00e9unions commencent \u00e0 14h et se terminent \u00e0 18h. Et le lieu est celui pr\u00e9cis\u00e9 dans les sous-menus \u00ab\u00a0Nos R\u00e9unions\u00a0\u00bb &gt; \u00ab\u00a0Lieux\u00a0\u00bb 14h-14h20 accueil individuel des nouveaux venus \u2013 14h20-15h bref tour de table (prise de parole [&hellip;]<\/p>\n","protected":false},"author":24,"featured_media":0,"comment_status":"open","ping_status":"open","sticky":false,"template":"","format":"standard","meta":{"_et_pb_use_builder":"","_et_pb_old_content":"","_et_gb_content_width":"","footnotes":""},"categories":[3],"tags":[],"class_list":["post-1811","post","type-post","status-publish","format-standard","hentry","category-agenda"],"yoast_head":"<!-- This site is optimized with the Yoast SEO plugin v27.5 - https:\/\/yoast.com\/product\/yoast-seo-wordpress\/ -->\n<title>Agenda 2016- 2017 - M\u00e9diagora Lyon<\/title>\n<meta name=\"robots\" content=\"index, follow, max-snippet:-1, max-image-preview:large, max-video-preview:-1\" \/>\n<link rel=\"canonical\" href=\"https:\/\/mediagoras.fr\/lyon\/agenda-2016-2017\/\" \/>\n<meta property=\"og:locale\" content=\"fr_FR\" \/>\n<meta property=\"og:type\" content=\"article\" \/>\n<meta property=\"og:title\" content=\"Agenda 2016- 2017 - M\u00e9diagora Lyon\" \/>\n<meta property=\"og:description\" content=\"Voici l\u2019agenda de nos r\u00e9unions pr\u00e9vues pour l\u2019ann\u00e9e 2016-2017 : Sauf mention contraire sur une date particuli\u00e8re, nos r\u00e9unions commencent \u00e0 14h et se terminent \u00e0 18h. Et le lieu est celui pr\u00e9cis\u00e9 dans les sous-menus \u00ab\u00a0Nos R\u00e9unions\u00a0\u00bb &gt; \u00ab\u00a0Lieux\u00a0\u00bb 14h-14h20 accueil individuel des nouveaux venus \u2013 14h20-15h bref tour de table (prise de parole [&hellip;]\" \/>\n<meta property=\"og:url\" content=\"https:\/\/mediagoras.fr\/lyon\/agenda-2016-2017\/\" \/>\n<meta property=\"og:site_name\" content=\"M\u00e9diagora Lyon\" \/>\n<meta property=\"article:published_time\" content=\"2017-06-28T23:00:44+00:00\" \/>\n<meta property=\"article:modified_time\" content=\"2017-06-29T07:50:05+00:00\" \/>\n<meta name=\"author\" content=\"maudf\" \/>\n<meta name=\"twitter:card\" content=\"summary_large_image\" \/>\n<meta name=\"twitter:label1\" content=\"\u00c9crit par\" \/>\n\t<meta name=\"twitter:data1\" content=\"maudf\" \/>\n\t<meta name=\"twitter:label2\" content=\"Dur\u00e9e de lecture estim\u00e9e\" \/>\n\t<meta name=\"twitter:data2\" content=\"8 minutes\" \/>\n<script type=\"application\/ld+json\" class=\"yoast-schema-graph\">{\"@context\":\"https:\\\/\\\/schema.org\",\"@graph\":[{\"@type\":\"Article\",\"@id\":\"https:\\\/\\\/mediagoras.fr\\\/lyon\\\/agenda-2016-2017\\\/#article\",\"isPartOf\":{\"@id\":\"https:\\\/\\\/mediagoras.fr\\\/lyon\\\/agenda-2016-2017\\\/\"},\"author\":{\"name\":\"maudf\",\"@id\":\"https:\\\/\\\/mediagoras.fr\\\/lyon\\\/#\\\/schema\\\/person\\\/1dfe3cb080ec8557c9f3738fde69ca18\"},\"headline\":\"Agenda 2016- 2017\",\"datePublished\":\"2017-06-28T23:00:44+00:00\",\"dateModified\":\"2017-06-29T07:50:05+00:00\",\"mainEntityOfPage\":{\"@id\":\"https:\\\/\\\/mediagoras.fr\\\/lyon\\\/agenda-2016-2017\\\/\"},\"wordCount\":1740,\"commentCount\":0,\"articleSection\":[\"R\u00e9unions bi-mensuelles\"],\"inLanguage\":\"fr-FR\",\"potentialAction\":[{\"@type\":\"CommentAction\",\"name\":\"Comment\",\"target\":[\"https:\\\/\\\/mediagoras.fr\\\/lyon\\\/agenda-2016-2017\\\/#respond\"]}]},{\"@type\":\"WebPage\",\"@id\":\"https:\\\/\\\/mediagoras.fr\\\/lyon\\\/agenda-2016-2017\\\/\",\"url\":\"https:\\\/\\\/mediagoras.fr\\\/lyon\\\/agenda-2016-2017\\\/\",\"name\":\"Agenda 2016- 2017 - M\u00e9diagora Lyon\",\"isPartOf\":{\"@id\":\"https:\\\/\\\/mediagoras.fr\\\/lyon\\\/#website\"},\"datePublished\":\"2017-06-28T23:00:44+00:00\",\"dateModified\":\"2017-06-29T07:50:05+00:00\",\"author\":{\"@id\":\"https:\\\/\\\/mediagoras.fr\\\/lyon\\\/#\\\/schema\\\/person\\\/1dfe3cb080ec8557c9f3738fde69ca18\"},\"breadcrumb\":{\"@id\":\"https:\\\/\\\/mediagoras.fr\\\/lyon\\\/agenda-2016-2017\\\/#breadcrumb\"},\"inLanguage\":\"fr-FR\",\"potentialAction\":[{\"@type\":\"ReadAction\",\"target\":[\"https:\\\/\\\/mediagoras.fr\\\/lyon\\\/agenda-2016-2017\\\/\"]}]},{\"@type\":\"BreadcrumbList\",\"@id\":\"https:\\\/\\\/mediagoras.fr\\\/lyon\\\/agenda-2016-2017\\\/#breadcrumb\",\"itemListElement\":[{\"@type\":\"ListItem\",\"position\":1,\"name\":\"Accueil\",\"item\":\"https:\\\/\\\/mediagoras.fr\\\/lyon\\\/\"},{\"@type\":\"ListItem\",\"position\":2,\"name\":\"Agenda 2016- 2017\"}]},{\"@type\":\"WebSite\",\"@id\":\"https:\\\/\\\/mediagoras.fr\\\/lyon\\\/#website\",\"url\":\"https:\\\/\\\/mediagoras.fr\\\/lyon\\\/\",\"name\":\"M\u00e9diagora Lyon\",\"description\":\"Il n&#039;est jamais trop tard pour prendre contact\",\"potentialAction\":[{\"@type\":\"SearchAction\",\"target\":{\"@type\":\"EntryPoint\",\"urlTemplate\":\"https:\\\/\\\/mediagoras.fr\\\/lyon\\\/?s={search_term_string}\"},\"query-input\":{\"@type\":\"PropertyValueSpecification\",\"valueRequired\":true,\"valueName\":\"search_term_string\"}}],\"inLanguage\":\"fr-FR\"},{\"@type\":\"Person\",\"@id\":\"https:\\\/\\\/mediagoras.fr\\\/lyon\\\/#\\\/schema\\\/person\\\/1dfe3cb080ec8557c9f3738fde69ca18\",\"name\":\"maudf\",\"image\":{\"@type\":\"ImageObject\",\"inLanguage\":\"fr-FR\",\"@id\":\"https:\\\/\\\/secure.gravatar.com\\\/avatar\\\/f047f22e2c8aa08af19ddca8bb8b144de0d89e9a39c525d39c1645f235193a29?s=96&d=mm&r=g\",\"url\":\"https:\\\/\\\/secure.gravatar.com\\\/avatar\\\/f047f22e2c8aa08af19ddca8bb8b144de0d89e9a39c525d39c1645f235193a29?s=96&d=mm&r=g\",\"contentUrl\":\"https:\\\/\\\/secure.gravatar.com\\\/avatar\\\/f047f22e2c8aa08af19ddca8bb8b144de0d89e9a39c525d39c1645f235193a29?s=96&d=mm&r=g\",\"caption\":\"maudf\"}}]}<\/script>\n<!-- \/ Yoast SEO plugin. -->","yoast_head_json":{"title":"Agenda 2016- 2017 - M\u00e9diagora Lyon","robots":{"index":"index","follow":"follow","max-snippet":"max-snippet:-1","max-image-preview":"max-image-preview:large","max-video-preview":"max-video-preview:-1"},"canonical":"https:\/\/mediagoras.fr\/lyon\/agenda-2016-2017\/","og_locale":"fr_FR","og_type":"article","og_title":"Agenda 2016- 2017 - M\u00e9diagora Lyon","og_description":"Voici l\u2019agenda de nos r\u00e9unions pr\u00e9vues pour l\u2019ann\u00e9e 2016-2017 : Sauf mention contraire sur une date particuli\u00e8re, nos r\u00e9unions commencent \u00e0 14h et se terminent \u00e0 18h. Et le lieu est celui pr\u00e9cis\u00e9 dans les sous-menus \u00ab\u00a0Nos R\u00e9unions\u00a0\u00bb &gt; \u00ab\u00a0Lieux\u00a0\u00bb 14h-14h20 accueil individuel des nouveaux venus \u2013 14h20-15h bref tour de table (prise de parole [&hellip;]","og_url":"https:\/\/mediagoras.fr\/lyon\/agenda-2016-2017\/","og_site_name":"M\u00e9diagora Lyon","article_published_time":"2017-06-28T23:00:44+00:00","article_modified_time":"2017-06-29T07:50:05+00:00","author":"maudf","twitter_card":"summary_large_image","twitter_misc":{"\u00c9crit par":"maudf","Dur\u00e9e de lecture estim\u00e9e":"8 minutes"},"schema":{"@context":"https:\/\/schema.org","@graph":[{"@type":"Article","@id":"https:\/\/mediagoras.fr\/lyon\/agenda-2016-2017\/#article","isPartOf":{"@id":"https:\/\/mediagoras.fr\/lyon\/agenda-2016-2017\/"},"author":{"name":"maudf","@id":"https:\/\/mediagoras.fr\/lyon\/#\/schema\/person\/1dfe3cb080ec8557c9f3738fde69ca18"},"headline":"Agenda 2016- 2017","datePublished":"2017-06-28T23:00:44+00:00","dateModified":"2017-06-29T07:50:05+00:00","mainEntityOfPage":{"@id":"https:\/\/mediagoras.fr\/lyon\/agenda-2016-2017\/"},"wordCount":1740,"commentCount":0,"articleSection":["R\u00e9unions bi-mensuelles"],"inLanguage":"fr-FR","potentialAction":[{"@type":"CommentAction","name":"Comment","target":["https:\/\/mediagoras.fr\/lyon\/agenda-2016-2017\/#respond"]}]},{"@type":"WebPage","@id":"https:\/\/mediagoras.fr\/lyon\/agenda-2016-2017\/","url":"https:\/\/mediagoras.fr\/lyon\/agenda-2016-2017\/","name":"Agenda 2016- 2017 - M\u00e9diagora Lyon","isPartOf":{"@id":"https:\/\/mediagoras.fr\/lyon\/#website"},"datePublished":"2017-06-28T23:00:44+00:00","dateModified":"2017-06-29T07:50:05+00:00","author":{"@id":"https:\/\/mediagoras.fr\/lyon\/#\/schema\/person\/1dfe3cb080ec8557c9f3738fde69ca18"},"breadcrumb":{"@id":"https:\/\/mediagoras.fr\/lyon\/agenda-2016-2017\/#breadcrumb"},"inLanguage":"fr-FR","potentialAction":[{"@type":"ReadAction","target":["https:\/\/mediagoras.fr\/lyon\/agenda-2016-2017\/"]}]},{"@type":"BreadcrumbList","@id":"https:\/\/mediagoras.fr\/lyon\/agenda-2016-2017\/#breadcrumb","itemListElement":[{"@type":"ListItem","position":1,"name":"Accueil","item":"https:\/\/mediagoras.fr\/lyon\/"},{"@type":"ListItem","position":2,"name":"Agenda 2016- 2017"}]},{"@type":"WebSite","@id":"https:\/\/mediagoras.fr\/lyon\/#website","url":"https:\/\/mediagoras.fr\/lyon\/","name":"M\u00e9diagora Lyon","description":"Il n&#039;est jamais trop tard pour prendre contact","potentialAction":[{"@type":"SearchAction","target":{"@type":"EntryPoint","urlTemplate":"https:\/\/mediagoras.fr\/lyon\/?s={search_term_string}"},"query-input":{"@type":"PropertyValueSpecification","valueRequired":true,"valueName":"search_term_string"}}],"inLanguage":"fr-FR"},{"@type":"Person","@id":"https:\/\/mediagoras.fr\/lyon\/#\/schema\/person\/1dfe3cb080ec8557c9f3738fde69ca18","name":"maudf","image":{"@type":"ImageObject","inLanguage":"fr-FR","@id":"https:\/\/secure.gravatar.com\/avatar\/f047f22e2c8aa08af19ddca8bb8b144de0d89e9a39c525d39c1645f235193a29?s=96&d=mm&r=g","url":"https:\/\/secure.gravatar.com\/avatar\/f047f22e2c8aa08af19ddca8bb8b144de0d89e9a39c525d39c1645f235193a29?s=96&d=mm&r=g","contentUrl":"https:\/\/secure.gravatar.com\/avatar\/f047f22e2c8aa08af19ddca8bb8b144de0d89e9a39c525d39c1645f235193a29?s=96&d=mm&r=g","caption":"maudf"}}]}},"_links":{"self":[{"href":"https:\/\/mediagoras.fr\/lyon\/wp-json\/wp\/v2\/posts\/1811","targetHints":{"allow":["GET"]}}],"collection":[{"href":"https:\/\/mediagoras.fr\/lyon\/wp-json\/wp\/v2\/posts"}],"about":[{"href":"https:\/\/mediagoras.fr\/lyon\/wp-json\/wp\/v2\/types\/post"}],"author":[{"embeddable":true,"href":"https:\/\/mediagoras.fr\/lyon\/wp-json\/wp\/v2\/users\/24"}],"replies":[{"embeddable":true,"href":"https:\/\/mediagoras.fr\/lyon\/wp-json\/wp\/v2\/comments?post=1811"}],"version-history":[{"count":45,"href":"https:\/\/mediagoras.fr\/lyon\/wp-json\/wp\/v2\/posts\/1811\/revisions"}],"predecessor-version":[{"id":2119,"href":"https:\/\/mediagoras.fr\/lyon\/wp-json\/wp\/v2\/posts\/1811\/revisions\/2119"}],"wp:attachment":[{"href":"https:\/\/mediagoras.fr\/lyon\/wp-json\/wp\/v2\/media?parent=1811"}],"wp:term":[{"taxonomy":"category","embeddable":true,"href":"https:\/\/mediagoras.fr\/lyon\/wp-json\/wp\/v2\/categories?post=1811"},{"taxonomy":"post_tag","embeddable":true,"href":"https:\/\/mediagoras.fr\/lyon\/wp-json\/wp\/v2\/tags?post=1811"}],"curies":[{"name":"wp","href":"https:\/\/api.w.org\/{rel}","templated":true}]}}