{"id":2449,"date":"2021-01-07T00:00:59","date_gmt":"2021-01-06T23:00:59","guid":{"rendered":"http:\/\/mediagoras.fr\/lyon\/?p=2449"},"modified":"2021-01-07T15:07:56","modified_gmt":"2021-01-07T14:07:56","slug":"agenda-2020-2021","status":"publish","type":"post","link":"https:\/\/mediagoras.fr\/lyon\/agenda-2020-2021\/","title":{"rendered":"Agenda 2020-2021"},"content":{"rendered":"<p><span style=\"color: #ff0000;\"><strong>Attention !<\/strong><\/span> <strong>J<\/strong><span style=\"color: #993300;\"><strong>usqu&rsquo;\u00e0 nouvel avis,\u00a0 nos r\u00e9unions se d\u00e9roulent \u00e0 distance par \u00e9crans interpos\u00e9s (ordinateurs, tablettes ou smartphones).<\/strong><\/span><\/p>\n<p><span style=\"color: #339966;\"><strong>Etant donn\u00e9 que nous limitons \u00e0 14 participants nos t\u00e9l\u00e9-r\u00e9unions, merci de bien vouloir vous inscrire \u00e0 l&rsquo;avance au moyen du sondage ci-dessous (si ce sondage d&rsquo;inscription vous indiquait que la r\u00e9union \u00e9tait \u00e0 nouveau pr\u00e9vue \u00ab\u00a0en pr\u00e9sentiel\u00a0\u00bb \u00e0 Oullins, l&rsquo;information du sondage primerait celle-ci) :<\/strong><\/span><\/p>\n<p><a href=\"https:\/\/framadate.org\/BxPvThG2V9wOmyZD\" target=\"_blank\" rel=\"noopener noreferrer\"><strong>&#8211;&gt;Sondage pour s&rsquo;inscrire \u00e0 la prochaine r\u00e9union &lt;&#8211;<\/strong><\/a><\/p>\n<p>Vous pouvez vous inscrire \u00e0 la r\u00e9union qui vous int\u00e9resse d\u00e8s que le titre du sondage fait r\u00e9f\u00e9rence \u00e0 la bonne date (donc ne vous inscrivez pas si le titre du sondage porte sur une r\u00e9union pass\u00e9e, ou que vous souhaitez vous inscrire \u00e0 une r\u00e9union future autre que la prochaine en date).<\/p>\n<p>R\u00e9unions programm\u00e9es\u00a0 :<\/p>\n<p>&#8211; samedi 12 et 26 septembre 2020<\/p>\n<p>&#8211; samedi 10 et 24 octobre<\/p>\n<p>&#8211; samedi 7 et 21 novembre<\/p>\n<p>&#8211; samedi 5 et 19 d\u00e9cembre<\/p>\n<p>&#8211; samedi 9 et 23 janvier\u00a0\u00a0 2021<\/p>\n<p>&#8211; samedi 6 et 20 f\u00e9vrier<\/p>\n<p>&#8211; samedi 6 et 20 mars<\/p>\n<p>&#8211; samedi 10 et 24 avril<\/p>\n<p>&#8211; samedi 15 et 29 mai<\/p>\n<p>&#8211; samedi 12 et 26 juin<\/p>\n<p>Puis pause estivalle jusqu&rsquo;en septembre 2021.<\/p>\n<p>En cas d&rsquo;annulations massives (ou de trop de demandes non satisfaites), nous pourrions organiser des t\u00e9l\u00e9-r\u00e9unions (cette page serait alors mise \u00e0 jour).<\/p>\n","protected":false},"excerpt":{"rendered":"<p>Attention ! Jusqu&rsquo;\u00e0 nouvel avis,\u00a0 nos r\u00e9unions se d\u00e9roulent \u00e0 distance par \u00e9crans interpos\u00e9s (ordinateurs, tablettes ou smartphones). Etant donn\u00e9 que nous limitons \u00e0 14 participants nos t\u00e9l\u00e9-r\u00e9unions, merci de bien vouloir vous inscrire \u00e0 l&rsquo;avance au moyen du sondage ci-dessous (si ce sondage d&rsquo;inscription vous indiquait que la r\u00e9union \u00e9tait \u00e0 nouveau pr\u00e9vue \u00ab\u00a0en [&hellip;]<\/p>\n","protected":false},"author":1,"featured_media":0,"comment_status":"open","ping_status":"open","sticky":false,"template":"","format":"standard","meta":{"_et_pb_use_builder":"","_et_pb_old_content":"","_et_gb_content_width":"","footnotes":""},"categories":[3,26],"tags":[],"class_list":["post-2449","post","type-post","status-publish","format-standard","hentry","category-agenda","category-vie-associative"],"yoast_head":"<!-- This site is optimized with the Yoast SEO plugin v27.5 - https:\/\/yoast.com\/product\/yoast-seo-wordpress\/ -->\n<title>Agenda 2020-2021 - M\u00e9diagora Lyon<\/title>\n<meta name=\"robots\" content=\"index, follow, max-snippet:-1, max-image-preview:large, max-video-preview:-1\" \/>\n<link rel=\"canonical\" href=\"https:\/\/mediagoras.fr\/lyon\/agenda-2020-2021\/\" \/>\n<meta property=\"og:locale\" content=\"fr_FR\" \/>\n<meta property=\"og:type\" content=\"article\" \/>\n<meta property=\"og:title\" content=\"Agenda 2020-2021 - M\u00e9diagora Lyon\" \/>\n<meta property=\"og:description\" content=\"Attention ! Jusqu&rsquo;\u00e0 nouvel avis,\u00a0 nos r\u00e9unions se d\u00e9roulent \u00e0 distance par \u00e9crans interpos\u00e9s (ordinateurs, tablettes ou smartphones). Etant donn\u00e9 que nous limitons \u00e0 14 participants nos t\u00e9l\u00e9-r\u00e9unions, merci de bien vouloir vous inscrire \u00e0 l&rsquo;avance au moyen du sondage ci-dessous (si ce sondage d&rsquo;inscription vous indiquait que la r\u00e9union \u00e9tait \u00e0 nouveau pr\u00e9vue \u00ab\u00a0en [&hellip;]\" \/>\n<meta property=\"og:url\" content=\"https:\/\/mediagoras.fr\/lyon\/agenda-2020-2021\/\" \/>\n<meta property=\"og:site_name\" content=\"M\u00e9diagora Lyon\" \/>\n<meta property=\"article:published_time\" content=\"2021-01-06T23:00:59+00:00\" \/>\n<meta property=\"article:modified_time\" content=\"2021-01-07T14:07:56+00:00\" \/>\n<meta name=\"author\" content=\"coordinateur\" \/>\n<meta name=\"twitter:card\" content=\"summary_large_image\" \/>\n<meta name=\"twitter:label1\" content=\"\u00c9crit par\" \/>\n\t<meta name=\"twitter:data1\" content=\"coordinateur\" \/>\n\t<meta name=\"twitter:label2\" content=\"Dur\u00e9e de lecture estim\u00e9e\" \/>\n\t<meta name=\"twitter:data2\" content=\"1 minute\" \/>\n<script type=\"application\/ld+json\" class=\"yoast-schema-graph\">{\"@context\":\"https:\\\/\\\/schema.org\",\"@graph\":[{\"@type\":\"Article\",\"@id\":\"https:\\\/\\\/mediagoras.fr\\\/lyon\\\/agenda-2020-2021\\\/#article\",\"isPartOf\":{\"@id\":\"https:\\\/\\\/mediagoras.fr\\\/lyon\\\/agenda-2020-2021\\\/\"},\"author\":{\"name\":\"coordinateur\",\"@id\":\"https:\\\/\\\/mediagoras.fr\\\/lyon\\\/#\\\/schema\\\/person\\\/371b520c59f15bb56ea39e5c4eff8449\"},\"headline\":\"Agenda 2020-2021\",\"datePublished\":\"2021-01-06T23:00:59+00:00\",\"dateModified\":\"2021-01-07T14:07:56+00:00\",\"mainEntityOfPage\":{\"@id\":\"https:\\\/\\\/mediagoras.fr\\\/lyon\\\/agenda-2020-2021\\\/\"},\"wordCount\":219,\"commentCount\":0,\"articleSection\":[\"R\u00e9unions bi-mensuelles\",\"Vie associative\"],\"inLanguage\":\"fr-FR\",\"potentialAction\":[{\"@type\":\"CommentAction\",\"name\":\"Comment\",\"target\":[\"https:\\\/\\\/mediagoras.fr\\\/lyon\\\/agenda-2020-2021\\\/#respond\"]}]},{\"@type\":\"WebPage\",\"@id\":\"https:\\\/\\\/mediagoras.fr\\\/lyon\\\/agenda-2020-2021\\\/\",\"url\":\"https:\\\/\\\/mediagoras.fr\\\/lyon\\\/agenda-2020-2021\\\/\",\"name\":\"Agenda 2020-2021 - M\u00e9diagora Lyon\",\"isPartOf\":{\"@id\":\"https:\\\/\\\/mediagoras.fr\\\/lyon\\\/#website\"},\"datePublished\":\"2021-01-06T23:00:59+00:00\",\"dateModified\":\"2021-01-07T14:07:56+00:00\",\"author\":{\"@id\":\"https:\\\/\\\/mediagoras.fr\\\/lyon\\\/#\\\/schema\\\/person\\\/371b520c59f15bb56ea39e5c4eff8449\"},\"breadcrumb\":{\"@id\":\"https:\\\/\\\/mediagoras.fr\\\/lyon\\\/agenda-2020-2021\\\/#breadcrumb\"},\"inLanguage\":\"fr-FR\",\"potentialAction\":[{\"@type\":\"ReadAction\",\"target\":[\"https:\\\/\\\/mediagoras.fr\\\/lyon\\\/agenda-2020-2021\\\/\"]}]},{\"@type\":\"BreadcrumbList\",\"@id\":\"https:\\\/\\\/mediagoras.fr\\\/lyon\\\/agenda-2020-2021\\\/#breadcrumb\",\"itemListElement\":[{\"@type\":\"ListItem\",\"position\":1,\"name\":\"Accueil\",\"item\":\"https:\\\/\\\/mediagoras.fr\\\/lyon\\\/\"},{\"@type\":\"ListItem\",\"position\":2,\"name\":\"Agenda 2020-2021\"}]},{\"@type\":\"WebSite\",\"@id\":\"https:\\\/\\\/mediagoras.fr\\\/lyon\\\/#website\",\"url\":\"https:\\\/\\\/mediagoras.fr\\\/lyon\\\/\",\"name\":\"M\u00e9diagora Lyon\",\"description\":\"Il n&#039;est jamais trop tard pour prendre contact\",\"potentialAction\":[{\"@type\":\"SearchAction\",\"target\":{\"@type\":\"EntryPoint\",\"urlTemplate\":\"https:\\\/\\\/mediagoras.fr\\\/lyon\\\/?s={search_term_string}\"},\"query-input\":{\"@type\":\"PropertyValueSpecification\",\"valueRequired\":true,\"valueName\":\"search_term_string\"}}],\"inLanguage\":\"fr-FR\"},{\"@type\":\"Person\",\"@id\":\"https:\\\/\\\/mediagoras.fr\\\/lyon\\\/#\\\/schema\\\/person\\\/371b520c59f15bb56ea39e5c4eff8449\",\"name\":\"coordinateur\",\"image\":{\"@type\":\"ImageObject\",\"inLanguage\":\"fr-FR\",\"@id\":\"https:\\\/\\\/secure.gravatar.com\\\/avatar\\\/b05fd088e11b24854f599207a549f763470878cbda4f3872e8e10eed13ff9e46?s=96&d=mm&r=g\",\"url\":\"https:\\\/\\\/secure.gravatar.com\\\/avatar\\\/b05fd088e11b24854f599207a549f763470878cbda4f3872e8e10eed13ff9e46?s=96&d=mm&r=g\",\"contentUrl\":\"https:\\\/\\\/secure.gravatar.com\\\/avatar\\\/b05fd088e11b24854f599207a549f763470878cbda4f3872e8e10eed13ff9e46?s=96&d=mm&r=g\",\"caption\":\"coordinateur\"}}]}<\/script>\n<!-- \/ Yoast SEO plugin. -->","yoast_head_json":{"title":"Agenda 2020-2021 - M\u00e9diagora Lyon","robots":{"index":"index","follow":"follow","max-snippet":"max-snippet:-1","max-image-preview":"max-image-preview:large","max-video-preview":"max-video-preview:-1"},"canonical":"https:\/\/mediagoras.fr\/lyon\/agenda-2020-2021\/","og_locale":"fr_FR","og_type":"article","og_title":"Agenda 2020-2021 - M\u00e9diagora Lyon","og_description":"Attention ! Jusqu&rsquo;\u00e0 nouvel avis,\u00a0 nos r\u00e9unions se d\u00e9roulent \u00e0 distance par \u00e9crans interpos\u00e9s (ordinateurs, tablettes ou smartphones). Etant donn\u00e9 que nous limitons \u00e0 14 participants nos t\u00e9l\u00e9-r\u00e9unions, merci de bien vouloir vous inscrire \u00e0 l&rsquo;avance au moyen du sondage ci-dessous (si ce sondage d&rsquo;inscription vous indiquait que la r\u00e9union \u00e9tait \u00e0 nouveau pr\u00e9vue \u00ab\u00a0en [&hellip;]","og_url":"https:\/\/mediagoras.fr\/lyon\/agenda-2020-2021\/","og_site_name":"M\u00e9diagora Lyon","article_published_time":"2021-01-06T23:00:59+00:00","article_modified_time":"2021-01-07T14:07:56+00:00","author":"coordinateur","twitter_card":"summary_large_image","twitter_misc":{"\u00c9crit par":"coordinateur","Dur\u00e9e de lecture estim\u00e9e":"1 minute"},"schema":{"@context":"https:\/\/schema.org","@graph":[{"@type":"Article","@id":"https:\/\/mediagoras.fr\/lyon\/agenda-2020-2021\/#article","isPartOf":{"@id":"https:\/\/mediagoras.fr\/lyon\/agenda-2020-2021\/"},"author":{"name":"coordinateur","@id":"https:\/\/mediagoras.fr\/lyon\/#\/schema\/person\/371b520c59f15bb56ea39e5c4eff8449"},"headline":"Agenda 2020-2021","datePublished":"2021-01-06T23:00:59+00:00","dateModified":"2021-01-07T14:07:56+00:00","mainEntityOfPage":{"@id":"https:\/\/mediagoras.fr\/lyon\/agenda-2020-2021\/"},"wordCount":219,"commentCount":0,"articleSection":["R\u00e9unions bi-mensuelles","Vie associative"],"inLanguage":"fr-FR","potentialAction":[{"@type":"CommentAction","name":"Comment","target":["https:\/\/mediagoras.fr\/lyon\/agenda-2020-2021\/#respond"]}]},{"@type":"WebPage","@id":"https:\/\/mediagoras.fr\/lyon\/agenda-2020-2021\/","url":"https:\/\/mediagoras.fr\/lyon\/agenda-2020-2021\/","name":"Agenda 2020-2021 - M\u00e9diagora Lyon","isPartOf":{"@id":"https:\/\/mediagoras.fr\/lyon\/#website"},"datePublished":"2021-01-06T23:00:59+00:00","dateModified":"2021-01-07T14:07:56+00:00","author":{"@id":"https:\/\/mediagoras.fr\/lyon\/#\/schema\/person\/371b520c59f15bb56ea39e5c4eff8449"},"breadcrumb":{"@id":"https:\/\/mediagoras.fr\/lyon\/agenda-2020-2021\/#breadcrumb"},"inLanguage":"fr-FR","potentialAction":[{"@type":"ReadAction","target":["https:\/\/mediagoras.fr\/lyon\/agenda-2020-2021\/"]}]},{"@type":"BreadcrumbList","@id":"https:\/\/mediagoras.fr\/lyon\/agenda-2020-2021\/#breadcrumb","itemListElement":[{"@type":"ListItem","position":1,"name":"Accueil","item":"https:\/\/mediagoras.fr\/lyon\/"},{"@type":"ListItem","position":2,"name":"Agenda 2020-2021"}]},{"@type":"WebSite","@id":"https:\/\/mediagoras.fr\/lyon\/#website","url":"https:\/\/mediagoras.fr\/lyon\/","name":"M\u00e9diagora Lyon","description":"Il n&#039;est jamais trop tard pour prendre contact","potentialAction":[{"@type":"SearchAction","target":{"@type":"EntryPoint","urlTemplate":"https:\/\/mediagoras.fr\/lyon\/?s={search_term_string}"},"query-input":{"@type":"PropertyValueSpecification","valueRequired":true,"valueName":"search_term_string"}}],"inLanguage":"fr-FR"},{"@type":"Person","@id":"https:\/\/mediagoras.fr\/lyon\/#\/schema\/person\/371b520c59f15bb56ea39e5c4eff8449","name":"coordinateur","image":{"@type":"ImageObject","inLanguage":"fr-FR","@id":"https:\/\/secure.gravatar.com\/avatar\/b05fd088e11b24854f599207a549f763470878cbda4f3872e8e10eed13ff9e46?s=96&d=mm&r=g","url":"https:\/\/secure.gravatar.com\/avatar\/b05fd088e11b24854f599207a549f763470878cbda4f3872e8e10eed13ff9e46?s=96&d=mm&r=g","contentUrl":"https:\/\/secure.gravatar.com\/avatar\/b05fd088e11b24854f599207a549f763470878cbda4f3872e8e10eed13ff9e46?s=96&d=mm&r=g","caption":"coordinateur"}}]}},"_links":{"self":[{"href":"https:\/\/mediagoras.fr\/lyon\/wp-json\/wp\/v2\/posts\/2449","targetHints":{"allow":["GET"]}}],"collection":[{"href":"https:\/\/mediagoras.fr\/lyon\/wp-json\/wp\/v2\/posts"}],"about":[{"href":"https:\/\/mediagoras.fr\/lyon\/wp-json\/wp\/v2\/types\/post"}],"author":[{"embeddable":true,"href":"https:\/\/mediagoras.fr\/lyon\/wp-json\/wp\/v2\/users\/1"}],"replies":[{"embeddable":true,"href":"https:\/\/mediagoras.fr\/lyon\/wp-json\/wp\/v2\/comments?post=2449"}],"version-history":[{"count":16,"href":"https:\/\/mediagoras.fr\/lyon\/wp-json\/wp\/v2\/posts\/2449\/revisions"}],"predecessor-version":[{"id":2481,"href":"https:\/\/mediagoras.fr\/lyon\/wp-json\/wp\/v2\/posts\/2449\/revisions\/2481"}],"wp:attachment":[{"href":"https:\/\/mediagoras.fr\/lyon\/wp-json\/wp\/v2\/media?parent=2449"}],"wp:term":[{"taxonomy":"category","embeddable":true,"href":"https:\/\/mediagoras.fr\/lyon\/wp-json\/wp\/v2\/categories?post=2449"},{"taxonomy":"post_tag","embeddable":true,"href":"https:\/\/mediagoras.fr\/lyon\/wp-json\/wp\/v2\/tags?post=2449"}],"curies":[{"name":"wp","href":"https:\/\/api.w.org\/{rel}","templated":true}]}}