{"id":2716,"date":"2025-06-26T00:00:25","date_gmt":"2025-06-25T22:00:25","guid":{"rendered":"https:\/\/mediagoras.fr\/lyon\/?p=2716"},"modified":"2025-06-28T12:06:56","modified_gmt":"2025-06-28T10:06:56","slug":"agenda-2024-2025","status":"publish","type":"post","link":"https:\/\/mediagoras.fr\/lyon\/agenda-2024-2025\/","title":{"rendered":"Agenda 2024-2025"},"content":{"rendered":"<h1 style=\"text-align: center;\"><strong>Agenda 24-25 de nos r\u00e9unions en pr\u00e9sentiel \u00e0 la MdS d&rsquo;Oullins<\/strong><\/h1>\n<p style=\"text-align: center;\"><span style=\"color: #ff0000;\"><em><strong>*** Derni\u00e8re minute !\u00a0 En raison de la canicule, la r\u00e9union pr\u00e9vue le samedi 28 juin 25 de 14h \u00e0 18h dans un Parc est report\u00e9e ***<\/strong><\/em><\/span><\/p>\n<p>Voici<strong> l&rsquo;agenda des r\u00e9unions pour la saison 2024-2025<\/strong> , r\u00e9unions qui auront lieu dans le local de la Maison des Soci\u00e9t\u00e9s d&rsquo;Oullins (commune d&rsquo;Oullins-Pierre-B\u00e9nite)\u00a0 ;<span style=\"color: #ff0000;\"> <em><strong>salle n\u00b01 et n\u00b02 de 14h15 \u00e0 18h<\/strong><\/em><\/span> ( il est possible de partir quand vous le souhaitez, mais nous vous demandons d&rsquo;arriver \u00e0 l&rsquo;heure autant que possible pour d\u00e9marrer la r\u00e9union ensemble) .<\/p>\n<p><em><strong>La participation \u00e0 nos r\u00e9unions entraine le respect de notre<\/strong> <a href=\"https:\/\/mediagoras.fr\/lyon\/files\/2024\/05\/Charte-Mediagora.pdf\">Charte<\/a><\/em>.<\/p>\n<p>&nbsp;<\/p>\n<p><strong>Samedi 28 juin\u00a0 <\/strong><span style=\"color: #000000;\">Pour la derni\u00e8re r\u00e9union de la saison, nous nous retrouvons au Parc Prado, \u00e0 Oullins-Pierre-B\u00e9nite. Au vu de la configuration de la r\u00e9union, elle sera r\u00e9serv\u00e9e aux membres seulement. Nous nous excusons aupr\u00e8s des \u00e9ventuels visiteurs de fin de saison.<\/span><\/p>\n<p style=\"text-align: center;\"><span style=\"color: #ff0000;\"><em><strong>*** Derni\u00e8re minute !\u00a0 En raison de la canicule, la r\u00e9union pr\u00e9vue le samedi 28 juin 25 de 14h \u00e0 18h dans un Parc est report\u00e9e ***<\/strong><\/em><\/span><\/p>\n<p><strong>Entre juillet et fin ao\u00fbt<\/strong>, l&rsquo;association se met en cong\u00e9. Des r\u00e9unions en visio en partenariat avec <a href=\"https:\/\/www.revivre-france.org\/page\/586677-accueil\">Revivre-France<\/a> continuent tout l&rsquo;\u00e9t\u00e9.<\/p>\n<p style=\"text-align: center;\"><span style=\"color: #008000;\"><em>Les dates de nos r\u00e9unions en pr\u00e9sentiel seront publi\u00e9es d\u00e8s que possible au plus tard fin ao\u00fbt, d\u00e9but septembre .\u00a0 Bon \u00e9t\u00e9 \u00e0 tous !<\/em><\/span><\/p>\n<p>&nbsp;<\/p>\n<p>Sauf mention sp\u00e9cifiques, les r\u00e9unions ci-dessus sont pr\u00e9vues en pr\u00e9sentiel.<\/p>\n<p>Nous vous proposons par ailleurs des r\u00e9unions en <strong>visio<\/strong> (\u00e0 distance). Ce sont des r\u00e9unions organis\u00e9es par une association cousine (<a href=\"http:\/\/www.revivre-france.org\" target=\"_blank\" rel=\"noopener\"><strong>Revivre-France<\/strong><\/a>) et anim\u00e9es en partenariat avec nous. Pour en \u00eatre avertis \u00e0 temps, vous pouvez vous inscrire \u00e0 notre Newsletter (<em>pour cela nous contacter<\/em>).<\/p>\n<p>Pour nous contacter veuillez utiliser de pr\u00e9f\u00e9rence notre\u00a0\u00a0\u00a0 \u2013&gt; <a href=\"https:\/\/mediagoras.fr\/lyon\/nous-contacter\/\">formulaire de contact<\/a> &lt;\u2013<strong><br \/>\n<\/strong><\/p>\n<p>Le groupe reste ouvert tout au long de la saison, il est possible de venir \u00e0 n&rsquo;importe quelle date dans l&rsquo;ann\u00e9e. Si vous d\u00e9cidez de suivre nos r\u00e9unions, le montant de l&rsquo;adh\u00e9sion \u00e9tait de 27\u20ac\/12 mois, \u00e0 compter de la date de l&rsquo;adh\u00e9sion. Si vous rencontrez des probl\u00e8mes financiers, vous pouvez nous en faire part et adh\u00e9rer \u00e0 un tarif social.<\/p>\n<p>Il est possible d&rsquo;ailleurs d&rsquo;adh\u00e9rer en ligne et\/ou de faire un don via notre page <a href=\"https:\/\/www.helloasso.com\/associations\/mediagora-lyon\">HelloAsso\u00a0<\/a><\/p>\n<p>&nbsp;<\/p>\n<h5><strong>R\u00e9unions du d\u00e9but de la saison : <\/strong><\/h5>\n<h5><strong>Samedi 31\/08\/24 :<\/strong> En pr\u00e9lude \u00e0 la reprise de nos r\u00e9unions p\u00e9riodiques, l&rsquo;association tiendra un stand au sein du Forum des Associations de la commune de Oullins-Pierre-B\u00e9nite (qui met gracieusement 2 de ses salles communales \u00e0 notre disposition, 2 samedi apr\u00e8s-midi par mois).\u00a0 Nous y tiendrons donc un stand de pr\u00e9sentation de M\u00e9diagora Lyon et d&rsquo;information sur les troubles anxieux. <em>Nous y seront pr\u00e9sents de 10h \u00e0 17h.<\/em> <strong>* Attention *<\/strong> Ce ne sera plus dans le gymnase qui accueillait cette manifestation ces derni\u00e8res ann\u00e9es, mais au Complexe Canop\u00e9e, 30 rue Charles de Gaulle \u00e0 Pierre-B\u00e9nite !<\/h5>\n<h5><strong>Samedi 7\/09 :<\/strong> R\u00e9union de rentr\u00e9e avec un groupe de parole et un exercice de photo-expression pour faire connaissance : il s&rsquo;agit d&rsquo;\u00e9changer, si on le souhaite, autour de deux photos choisies parmi celles propos\u00e9es et d&rsquo;expliquer les \u00e9motions positives et n\u00e9gatives qu&rsquo;elles suscitent. Aucune prise de parole n&rsquo;est obligatoire mais le support photographique facilite les \u00e9changes.<\/h5>\n<h5><em>\u00a0<\/em><strong>Samedi 21\/09 :<\/strong> Groupe de parole<\/h5>\n<h5><strong>Samedi 5\/10 :<\/strong> Groupe de parole<\/h5>\n<h5><strong>Samedi 19\/10 :<\/strong> Groupe de parole<\/h5>\n<h5><strong>Samedi 9\/11 :<\/strong>\u00a0 Groupe de parole<\/h5>\n<h5><strong>Samedi 23\/11 :<\/strong>\u00a0 Groupe de parole<\/h5>\n<h5><strong>Samedi 14\/12\/24 : <\/strong>Groupe de parole.<\/h5>\n<h5><strong>Samedi 21\/12\/24 : <\/strong>Groupe de parole<\/h5>\n<h5><strong>Samedi 11\/01\/2025 :<\/strong> Adeline FLEURY, naturopathe rencontr\u00e9e au Forum des Associations, interviendra de 15h \u00e0 17h. Suivi d&rsquo;une d\u00e9gustation de galettes.<\/h5>\n<h5><strong>Samedi 25\/01\/2025 : <\/strong>Groupe de parole<\/h5>\n<h5><strong>Samedi 8 f\u00e9vrier : <\/strong>Groupe de parole<\/h5>\n<h5><strong>Samedi 22 f\u00e9vrier : <\/strong>Groupe de parole<\/h5>\n<h5><strong>Samedi 8 mars : <\/strong>Groupe de parole<\/h5>\n<p><strong>Samedi 22 mars : <\/strong>Groupe de parole suivi d&rsquo;un atelier \u00ab\u00a0pens\u00e9es alternatives\u00a0\u00bb \u00e0 partir d&rsquo;un jeu de cartes.<\/p>\n<p><strong>Samedi 5 avril : <\/strong>Groupe de parole\u00a0suivi d&rsquo;un atelier<strong><br \/>\n<\/strong><\/p>\n<p><strong>Attention !<\/strong>\u00a0 Exceptionnellement, l&rsquo;intervalle entre la r\u00e9union du d\u00e9but du mois (le 5) et de la fin du mois (le 26) est de <strong>3 semaines au lieu de 2 !<\/strong><\/p>\n<p><strong>Samedi 26 avril : 14h30 \u00e0 16h30 <\/strong>Adeline Fleury (praticienne en techniques psycho-corporelles et naturopathe) viendra animer un atelier ax\u00e9 sur la<strong> Pens\u00e9e Positive.\u00a0<\/strong> (accueil assur\u00e9 sur place d\u00e8s 14h et \u00e0 partir de 14h20 en visio)<strong><br \/>\n<\/strong>Si vous \u00eates int\u00e9ress\u00e9(e), merci de\u00a0<a href=\"\/lyon\/inscription-atelier-du-26-4\/\">vous y inscrire<\/a> avant le 25-4-25 !<strong><br \/>\n<\/strong><\/p>\n<p><strong>Samedi 17 mai<\/strong><\/p>\n<p><strong>Samedi 14 juin\u00a0\u00a0 <\/strong>Notre r\u00e9union sera en grande partie consacr\u00e9e \u00e0 notre<strong> Assembl\u00e9e G\u00e9n\u00e9rale <\/strong>annuelle et aux choix d&rsquo;orientation de notre association.<\/p>\n<h5 style=\"text-align: center;\">Pour la suite, cf plus haut.<\/h5>\n","protected":false},"excerpt":{"rendered":"<p>Agenda 24-25 de nos r\u00e9unions en pr\u00e9sentiel \u00e0 la MdS d&rsquo;Oullins *** Derni\u00e8re minute !\u00a0 En raison de la canicule, la r\u00e9union pr\u00e9vue le samedi 28 juin 25 de 14h \u00e0 18h dans un Parc est report\u00e9e *** Voici l&rsquo;agenda des r\u00e9unions pour la saison 2024-2025 , r\u00e9unions qui auront lieu dans le local de [&hellip;]<\/p>\n","protected":false},"author":1,"featured_media":0,"comment_status":"closed","ping_status":"open","sticky":false,"template":"","format":"gallery","meta":{"_et_pb_use_builder":"","_et_pb_old_content":"","_et_gb_content_width":"","footnotes":""},"categories":[3],"tags":[],"class_list":["post-2716","post","type-post","status-publish","format-gallery","hentry","category-agenda","post_format-post-format-gallery"],"yoast_head":"<!-- This site is optimized with the Yoast SEO plugin v27.5 - https:\/\/yoast.com\/product\/yoast-seo-wordpress\/ -->\n<title>Agenda 2024-2025 - M\u00e9diagora Lyon<\/title>\n<meta name=\"robots\" content=\"index, follow, max-snippet:-1, max-image-preview:large, max-video-preview:-1\" \/>\n<link rel=\"canonical\" href=\"https:\/\/mediagoras.fr\/lyon\/agenda-2024-2025\/\" \/>\n<meta property=\"og:locale\" content=\"fr_FR\" \/>\n<meta property=\"og:type\" content=\"article\" \/>\n<meta property=\"og:title\" content=\"Agenda 2024-2025 - M\u00e9diagora Lyon\" \/>\n<meta property=\"og:description\" content=\"Agenda 24-25 de nos r\u00e9unions en pr\u00e9sentiel \u00e0 la MdS d&rsquo;Oullins *** Derni\u00e8re minute !\u00a0 En raison de la canicule, la r\u00e9union pr\u00e9vue le samedi 28 juin 25 de 14h \u00e0 18h dans un Parc est report\u00e9e *** Voici l&rsquo;agenda des r\u00e9unions pour la saison 2024-2025 , r\u00e9unions qui auront lieu dans le local de [&hellip;]\" \/>\n<meta property=\"og:url\" content=\"https:\/\/mediagoras.fr\/lyon\/agenda-2024-2025\/\" \/>\n<meta property=\"og:site_name\" content=\"M\u00e9diagora Lyon\" \/>\n<meta property=\"article:published_time\" content=\"2025-06-25T22:00:25+00:00\" \/>\n<meta property=\"article:modified_time\" content=\"2025-06-28T10:06:56+00:00\" \/>\n<meta name=\"author\" content=\"coordinateur\" \/>\n<meta name=\"twitter:card\" content=\"summary_large_image\" \/>\n<meta name=\"twitter:label1\" content=\"\u00c9crit par\" \/>\n\t<meta name=\"twitter:data1\" content=\"coordinateur\" \/>\n\t<meta name=\"twitter:label2\" content=\"Dur\u00e9e de lecture estim\u00e9e\" \/>\n\t<meta name=\"twitter:data2\" content=\"4 minutes\" \/>\n<script type=\"application\/ld+json\" class=\"yoast-schema-graph\">{\"@context\":\"https:\\\/\\\/schema.org\",\"@graph\":[{\"@type\":\"Article\",\"@id\":\"https:\\\/\\\/mediagoras.fr\\\/lyon\\\/agenda-2024-2025\\\/#article\",\"isPartOf\":{\"@id\":\"https:\\\/\\\/mediagoras.fr\\\/lyon\\\/agenda-2024-2025\\\/\"},\"author\":{\"name\":\"coordinateur\",\"@id\":\"https:\\\/\\\/mediagoras.fr\\\/lyon\\\/#\\\/schema\\\/person\\\/371b520c59f15bb56ea39e5c4eff8449\"},\"headline\":\"Agenda 2024-2025\",\"datePublished\":\"2025-06-25T22:00:25+00:00\",\"dateModified\":\"2025-06-28T10:06:56+00:00\",\"mainEntityOfPage\":{\"@id\":\"https:\\\/\\\/mediagoras.fr\\\/lyon\\\/agenda-2024-2025\\\/\"},\"wordCount\":785,\"articleSection\":[\"R\u00e9unions bi-mensuelles\"],\"inLanguage\":\"fr-FR\"},{\"@type\":\"WebPage\",\"@id\":\"https:\\\/\\\/mediagoras.fr\\\/lyon\\\/agenda-2024-2025\\\/\",\"url\":\"https:\\\/\\\/mediagoras.fr\\\/lyon\\\/agenda-2024-2025\\\/\",\"name\":\"Agenda 2024-2025 - M\u00e9diagora Lyon\",\"isPartOf\":{\"@id\":\"https:\\\/\\\/mediagoras.fr\\\/lyon\\\/#website\"},\"datePublished\":\"2025-06-25T22:00:25+00:00\",\"dateModified\":\"2025-06-28T10:06:56+00:00\",\"author\":{\"@id\":\"https:\\\/\\\/mediagoras.fr\\\/lyon\\\/#\\\/schema\\\/person\\\/371b520c59f15bb56ea39e5c4eff8449\"},\"breadcrumb\":{\"@id\":\"https:\\\/\\\/mediagoras.fr\\\/lyon\\\/agenda-2024-2025\\\/#breadcrumb\"},\"inLanguage\":\"fr-FR\",\"potentialAction\":[{\"@type\":\"ReadAction\",\"target\":[\"https:\\\/\\\/mediagoras.fr\\\/lyon\\\/agenda-2024-2025\\\/\"]}]},{\"@type\":\"BreadcrumbList\",\"@id\":\"https:\\\/\\\/mediagoras.fr\\\/lyon\\\/agenda-2024-2025\\\/#breadcrumb\",\"itemListElement\":[{\"@type\":\"ListItem\",\"position\":1,\"name\":\"Accueil\",\"item\":\"https:\\\/\\\/mediagoras.fr\\\/lyon\\\/\"},{\"@type\":\"ListItem\",\"position\":2,\"name\":\"Agenda 2024-2025\"}]},{\"@type\":\"WebSite\",\"@id\":\"https:\\\/\\\/mediagoras.fr\\\/lyon\\\/#website\",\"url\":\"https:\\\/\\\/mediagoras.fr\\\/lyon\\\/\",\"name\":\"M\u00e9diagora Lyon\",\"description\":\"Il n&#039;est jamais trop tard pour prendre contact\",\"potentialAction\":[{\"@type\":\"SearchAction\",\"target\":{\"@type\":\"EntryPoint\",\"urlTemplate\":\"https:\\\/\\\/mediagoras.fr\\\/lyon\\\/?s={search_term_string}\"},\"query-input\":{\"@type\":\"PropertyValueSpecification\",\"valueRequired\":true,\"valueName\":\"search_term_string\"}}],\"inLanguage\":\"fr-FR\"},{\"@type\":\"Person\",\"@id\":\"https:\\\/\\\/mediagoras.fr\\\/lyon\\\/#\\\/schema\\\/person\\\/371b520c59f15bb56ea39e5c4eff8449\",\"name\":\"coordinateur\",\"image\":{\"@type\":\"ImageObject\",\"inLanguage\":\"fr-FR\",\"@id\":\"https:\\\/\\\/secure.gravatar.com\\\/avatar\\\/b05fd088e11b24854f599207a549f763470878cbda4f3872e8e10eed13ff9e46?s=96&d=mm&r=g\",\"url\":\"https:\\\/\\\/secure.gravatar.com\\\/avatar\\\/b05fd088e11b24854f599207a549f763470878cbda4f3872e8e10eed13ff9e46?s=96&d=mm&r=g\",\"contentUrl\":\"https:\\\/\\\/secure.gravatar.com\\\/avatar\\\/b05fd088e11b24854f599207a549f763470878cbda4f3872e8e10eed13ff9e46?s=96&d=mm&r=g\",\"caption\":\"coordinateur\"}}]}<\/script>\n<!-- \/ Yoast SEO plugin. -->","yoast_head_json":{"title":"Agenda 2024-2025 - M\u00e9diagora Lyon","robots":{"index":"index","follow":"follow","max-snippet":"max-snippet:-1","max-image-preview":"max-image-preview:large","max-video-preview":"max-video-preview:-1"},"canonical":"https:\/\/mediagoras.fr\/lyon\/agenda-2024-2025\/","og_locale":"fr_FR","og_type":"article","og_title":"Agenda 2024-2025 - M\u00e9diagora Lyon","og_description":"Agenda 24-25 de nos r\u00e9unions en pr\u00e9sentiel \u00e0 la MdS d&rsquo;Oullins *** Derni\u00e8re minute !\u00a0 En raison de la canicule, la r\u00e9union pr\u00e9vue le samedi 28 juin 25 de 14h \u00e0 18h dans un Parc est report\u00e9e *** Voici l&rsquo;agenda des r\u00e9unions pour la saison 2024-2025 , r\u00e9unions qui auront lieu dans le local de [&hellip;]","og_url":"https:\/\/mediagoras.fr\/lyon\/agenda-2024-2025\/","og_site_name":"M\u00e9diagora Lyon","article_published_time":"2025-06-25T22:00:25+00:00","article_modified_time":"2025-06-28T10:06:56+00:00","author":"coordinateur","twitter_card":"summary_large_image","twitter_misc":{"\u00c9crit par":"coordinateur","Dur\u00e9e de lecture estim\u00e9e":"4 minutes"},"schema":{"@context":"https:\/\/schema.org","@graph":[{"@type":"Article","@id":"https:\/\/mediagoras.fr\/lyon\/agenda-2024-2025\/#article","isPartOf":{"@id":"https:\/\/mediagoras.fr\/lyon\/agenda-2024-2025\/"},"author":{"name":"coordinateur","@id":"https:\/\/mediagoras.fr\/lyon\/#\/schema\/person\/371b520c59f15bb56ea39e5c4eff8449"},"headline":"Agenda 2024-2025","datePublished":"2025-06-25T22:00:25+00:00","dateModified":"2025-06-28T10:06:56+00:00","mainEntityOfPage":{"@id":"https:\/\/mediagoras.fr\/lyon\/agenda-2024-2025\/"},"wordCount":785,"articleSection":["R\u00e9unions bi-mensuelles"],"inLanguage":"fr-FR"},{"@type":"WebPage","@id":"https:\/\/mediagoras.fr\/lyon\/agenda-2024-2025\/","url":"https:\/\/mediagoras.fr\/lyon\/agenda-2024-2025\/","name":"Agenda 2024-2025 - M\u00e9diagora Lyon","isPartOf":{"@id":"https:\/\/mediagoras.fr\/lyon\/#website"},"datePublished":"2025-06-25T22:00:25+00:00","dateModified":"2025-06-28T10:06:56+00:00","author":{"@id":"https:\/\/mediagoras.fr\/lyon\/#\/schema\/person\/371b520c59f15bb56ea39e5c4eff8449"},"breadcrumb":{"@id":"https:\/\/mediagoras.fr\/lyon\/agenda-2024-2025\/#breadcrumb"},"inLanguage":"fr-FR","potentialAction":[{"@type":"ReadAction","target":["https:\/\/mediagoras.fr\/lyon\/agenda-2024-2025\/"]}]},{"@type":"BreadcrumbList","@id":"https:\/\/mediagoras.fr\/lyon\/agenda-2024-2025\/#breadcrumb","itemListElement":[{"@type":"ListItem","position":1,"name":"Accueil","item":"https:\/\/mediagoras.fr\/lyon\/"},{"@type":"ListItem","position":2,"name":"Agenda 2024-2025"}]},{"@type":"WebSite","@id":"https:\/\/mediagoras.fr\/lyon\/#website","url":"https:\/\/mediagoras.fr\/lyon\/","name":"M\u00e9diagora Lyon","description":"Il n&#039;est jamais trop tard pour prendre contact","potentialAction":[{"@type":"SearchAction","target":{"@type":"EntryPoint","urlTemplate":"https:\/\/mediagoras.fr\/lyon\/?s={search_term_string}"},"query-input":{"@type":"PropertyValueSpecification","valueRequired":true,"valueName":"search_term_string"}}],"inLanguage":"fr-FR"},{"@type":"Person","@id":"https:\/\/mediagoras.fr\/lyon\/#\/schema\/person\/371b520c59f15bb56ea39e5c4eff8449","name":"coordinateur","image":{"@type":"ImageObject","inLanguage":"fr-FR","@id":"https:\/\/secure.gravatar.com\/avatar\/b05fd088e11b24854f599207a549f763470878cbda4f3872e8e10eed13ff9e46?s=96&d=mm&r=g","url":"https:\/\/secure.gravatar.com\/avatar\/b05fd088e11b24854f599207a549f763470878cbda4f3872e8e10eed13ff9e46?s=96&d=mm&r=g","contentUrl":"https:\/\/secure.gravatar.com\/avatar\/b05fd088e11b24854f599207a549f763470878cbda4f3872e8e10eed13ff9e46?s=96&d=mm&r=g","caption":"coordinateur"}}]}},"_links":{"self":[{"href":"https:\/\/mediagoras.fr\/lyon\/wp-json\/wp\/v2\/posts\/2716","targetHints":{"allow":["GET"]}}],"collection":[{"href":"https:\/\/mediagoras.fr\/lyon\/wp-json\/wp\/v2\/posts"}],"about":[{"href":"https:\/\/mediagoras.fr\/lyon\/wp-json\/wp\/v2\/types\/post"}],"author":[{"embeddable":true,"href":"https:\/\/mediagoras.fr\/lyon\/wp-json\/wp\/v2\/users\/1"}],"replies":[{"embeddable":true,"href":"https:\/\/mediagoras.fr\/lyon\/wp-json\/wp\/v2\/comments?post=2716"}],"version-history":[{"count":30,"href":"https:\/\/mediagoras.fr\/lyon\/wp-json\/wp\/v2\/posts\/2716\/revisions"}],"predecessor-version":[{"id":2799,"href":"https:\/\/mediagoras.fr\/lyon\/wp-json\/wp\/v2\/posts\/2716\/revisions\/2799"}],"wp:attachment":[{"href":"https:\/\/mediagoras.fr\/lyon\/wp-json\/wp\/v2\/media?parent=2716"}],"wp:term":[{"taxonomy":"category","embeddable":true,"href":"https:\/\/mediagoras.fr\/lyon\/wp-json\/wp\/v2\/categories?post=2716"},{"taxonomy":"post_tag","embeddable":true,"href":"https:\/\/mediagoras.fr\/lyon\/wp-json\/wp\/v2\/tags?post=2716"}],"curies":[{"name":"wp","href":"https:\/\/api.w.org\/{rel}","templated":true}]}}