{"id":461,"date":"2010-02-09T23:18:45","date_gmt":"2010-02-09T22:18:45","guid":{"rendered":"http:\/\/mediagora.lyon.free.fr\/nouv-site\/?p=461"},"modified":"2015-08-25T17:14:32","modified_gmt":"2015-08-25T15:14:32","slug":"participation-a-la-sism-2010","status":"publish","type":"post","link":"https:\/\/mediagoras.fr\/lyon\/participation-a-la-sism-2010\/","title":{"rendered":"Participation \u00e0 la SISM 2010"},"content":{"rendered":"<div>\n<h2>Participation de M\u00e9diagora Lyon \u00e0 la SISM 2010<\/h2>\n<\/div>\n<div>Le mercredi 24 mars, notre association a particip\u00e9 \u00e0 la Semaine d&rsquo;Information sur la Sant\u00e9 Mentale (<a href=\"http:\/\/www.adesr.asso.fr\/sism_pres.htm\" target=\"_blank\">SISM<\/a>) 2010.<\/div>\n<p>Une soir\u00e9e-information-d\u00e9bat s&rsquo;est d\u00e9roul\u00e9e le Mercredi 24 mars 2010 sur le th\u00e8me :<\/p>\n<div>\u00ab\u00a0Comment apprivoiser notre anxi\u00e9t\u00e9 et nos phobies ?\u00a0\u00bb<\/div>\n<div>(particuliers ou professionnels)<\/div>\n<p>Cette manifestation gratuite s&rsquo;est d\u00e9roul\u00e9e dans les locaux de l&rsquo;association Icebergs, 47 rue Delandine, Lyon 2e ( Tram T1, arr\u00eat Ste-Blandine), de la fa\u00e7on suivante :<\/p>\n<p>&#8211; \u00e0 17 h 30 : Rencontre avec l&rsquo;association &#8211; \u00e9changes &#8211; questions\/r\u00e9ponses<\/p>\n<p>&#8211; \u00e0 partir de 19 h 30 : intervention du Dr. Fr\u00e9d\u00e9ric FANGET, psychiatre<\/p>\n<p>Cette manifestation a \u00e9t\u00e9 un franc succ\u00e8s. Merci d&rsquo;\u00eatre venus si nombreux (plus de 60 personnes au plus fort de la soir\u00e9e), et d&rsquo;avoir appr\u00e9ci\u00e9 notre accueil ainsi que la conf\u00e9rence\/d\u00e9bat du Dr FANGET.<br \/>\nCi-dessous le plan d&rsquo;acc\u00e8s:<br \/>\n<a href=\"http:\/\/agenda-mediag-lyon.over-blog.net\/ext\/http:\/\/mediagora.lyon.free.fr\/Plan-Acces-Delandine.jpg\"><img loading=\"lazy\" decoding=\"async\" src=\"..\/..\/Plan-Acces-Delandine.jpg\" alt=\"http:\/\/mediagora.lyon.free.fr\/Plan-Acces-Delandine.jpg\" width=\"625\" height=\"455\" \/><\/a><\/p>\n<p>Et voici le tract officiel au format PDF :<\/p>\n<p><a title=\"http:\/\/mediagora.lyon.free.fr\/SISM-specif-Mediag.pdf\" href=\"http:\/\/mediagora.lyon.free.fr\/SISM-specif-Mediag.pdf\" target=\"_blank\">http:\/\/mediagora.lyon.free.fr\/SISM-specif-Mediag.pdf<\/a><\/p>\n<p>Etant donn\u00e9 notre capacit\u00e9 d&rsquo;accueil limit\u00e9e (50 places), nous vous remercions de prendre le temps de vous inscrire \u00e0 l&rsquo;avance (m\u00eame si vous n&rsquo;\u00eates pas certain de venir) au 04 78 94 20 67 ou \u00e0 partir de la page contact (en pr\u00e9cisant si possible votre heure d&rsquo;arriv\u00e9e).<\/p>\n<p>Au plaisir de vous revoir prochainement, \u00e0 Lyon ou \u00e0 Ste Foy !<\/p>\n<div><em>L&rsquo;\u00e9quipe de M\u00e9diagora Lyon<\/em><\/div>\n","protected":false},"excerpt":{"rendered":"<p>Participation de M\u00e9diagora Lyon \u00e0 la SISM 2010 Le mercredi 24 mars, notre association a particip\u00e9 \u00e0 la Semaine d&rsquo;Information sur la Sant\u00e9 Mentale (SISM) 2010. Une soir\u00e9e-information-d\u00e9bat s&rsquo;est d\u00e9roul\u00e9e le Mercredi 24 mars 2010 sur le th\u00e8me : \u00ab\u00a0Comment apprivoiser notre anxi\u00e9t\u00e9 et nos phobies ?\u00a0\u00bb (particuliers ou professionnels) Cette manifestation gratuite s&rsquo;est d\u00e9roul\u00e9e [&hellip;]<\/p>\n","protected":false},"author":24,"featured_media":0,"comment_status":"closed","ping_status":"closed","sticky":false,"template":"","format":"standard","meta":{"_et_pb_use_builder":"","_et_pb_old_content":"","_et_gb_content_width":"","footnotes":""},"categories":[3],"tags":[],"class_list":["post-461","post","type-post","status-publish","format-standard","hentry","category-agenda"],"yoast_head":"<!-- This site is optimized with the Yoast SEO plugin v27.5 - https:\/\/yoast.com\/product\/yoast-seo-wordpress\/ -->\n<title>Participation \u00e0 la SISM 2010 - M\u00e9diagora Lyon<\/title>\n<meta name=\"robots\" content=\"index, follow, max-snippet:-1, max-image-preview:large, max-video-preview:-1\" \/>\n<link rel=\"canonical\" href=\"https:\/\/mediagoras.fr\/lyon\/participation-a-la-sism-2010\/\" \/>\n<meta property=\"og:locale\" content=\"fr_FR\" \/>\n<meta property=\"og:type\" content=\"article\" \/>\n<meta property=\"og:title\" content=\"Participation \u00e0 la SISM 2010 - M\u00e9diagora Lyon\" \/>\n<meta property=\"og:description\" content=\"Participation de M\u00e9diagora Lyon \u00e0 la SISM 2010 Le mercredi 24 mars, notre association a particip\u00e9 \u00e0 la Semaine d&rsquo;Information sur la Sant\u00e9 Mentale (SISM) 2010. Une soir\u00e9e-information-d\u00e9bat s&rsquo;est d\u00e9roul\u00e9e le Mercredi 24 mars 2010 sur le th\u00e8me : \u00ab\u00a0Comment apprivoiser notre anxi\u00e9t\u00e9 et nos phobies ?\u00a0\u00bb (particuliers ou professionnels) Cette manifestation gratuite s&rsquo;est d\u00e9roul\u00e9e [&hellip;]\" \/>\n<meta property=\"og:url\" content=\"https:\/\/mediagoras.fr\/lyon\/participation-a-la-sism-2010\/\" \/>\n<meta property=\"og:site_name\" content=\"M\u00e9diagora Lyon\" \/>\n<meta property=\"article:published_time\" content=\"2010-02-09T22:18:45+00:00\" \/>\n<meta property=\"article:modified_time\" content=\"2015-08-25T15:14:32+00:00\" \/>\n<meta name=\"author\" content=\"maudf\" \/>\n<meta name=\"twitter:card\" content=\"summary_large_image\" \/>\n<meta name=\"twitter:label1\" content=\"\u00c9crit par\" \/>\n\t<meta name=\"twitter:data1\" content=\"maudf\" \/>\n\t<meta name=\"twitter:label2\" content=\"Dur\u00e9e de lecture estim\u00e9e\" \/>\n\t<meta name=\"twitter:data2\" content=\"1 minute\" \/>\n<script type=\"application\/ld+json\" class=\"yoast-schema-graph\">{\"@context\":\"https:\\\/\\\/schema.org\",\"@graph\":[{\"@type\":\"Article\",\"@id\":\"https:\\\/\\\/mediagoras.fr\\\/lyon\\\/participation-a-la-sism-2010\\\/#article\",\"isPartOf\":{\"@id\":\"https:\\\/\\\/mediagoras.fr\\\/lyon\\\/participation-a-la-sism-2010\\\/\"},\"author\":{\"name\":\"maudf\",\"@id\":\"https:\\\/\\\/mediagoras.fr\\\/lyon\\\/#\\\/schema\\\/person\\\/1dfe3cb080ec8557c9f3738fde69ca18\"},\"headline\":\"Participation \u00e0 la SISM 2010\",\"datePublished\":\"2010-02-09T22:18:45+00:00\",\"dateModified\":\"2015-08-25T15:14:32+00:00\",\"mainEntityOfPage\":{\"@id\":\"https:\\\/\\\/mediagoras.fr\\\/lyon\\\/participation-a-la-sism-2010\\\/\"},\"wordCount\":232,\"articleSection\":[\"R\u00e9unions bi-mensuelles\"],\"inLanguage\":\"fr-FR\"},{\"@type\":\"WebPage\",\"@id\":\"https:\\\/\\\/mediagoras.fr\\\/lyon\\\/participation-a-la-sism-2010\\\/\",\"url\":\"https:\\\/\\\/mediagoras.fr\\\/lyon\\\/participation-a-la-sism-2010\\\/\",\"name\":\"Participation \u00e0 la SISM 2010 - M\u00e9diagora Lyon\",\"isPartOf\":{\"@id\":\"https:\\\/\\\/mediagoras.fr\\\/lyon\\\/#website\"},\"datePublished\":\"2010-02-09T22:18:45+00:00\",\"dateModified\":\"2015-08-25T15:14:32+00:00\",\"author\":{\"@id\":\"https:\\\/\\\/mediagoras.fr\\\/lyon\\\/#\\\/schema\\\/person\\\/1dfe3cb080ec8557c9f3738fde69ca18\"},\"breadcrumb\":{\"@id\":\"https:\\\/\\\/mediagoras.fr\\\/lyon\\\/participation-a-la-sism-2010\\\/#breadcrumb\"},\"inLanguage\":\"fr-FR\",\"potentialAction\":[{\"@type\":\"ReadAction\",\"target\":[\"https:\\\/\\\/mediagoras.fr\\\/lyon\\\/participation-a-la-sism-2010\\\/\"]}]},{\"@type\":\"BreadcrumbList\",\"@id\":\"https:\\\/\\\/mediagoras.fr\\\/lyon\\\/participation-a-la-sism-2010\\\/#breadcrumb\",\"itemListElement\":[{\"@type\":\"ListItem\",\"position\":1,\"name\":\"Accueil\",\"item\":\"https:\\\/\\\/mediagoras.fr\\\/lyon\\\/\"},{\"@type\":\"ListItem\",\"position\":2,\"name\":\"Participation \u00e0 la SISM 2010\"}]},{\"@type\":\"WebSite\",\"@id\":\"https:\\\/\\\/mediagoras.fr\\\/lyon\\\/#website\",\"url\":\"https:\\\/\\\/mediagoras.fr\\\/lyon\\\/\",\"name\":\"M\u00e9diagora Lyon\",\"description\":\"Il n&#039;est jamais trop tard pour prendre contact\",\"potentialAction\":[{\"@type\":\"SearchAction\",\"target\":{\"@type\":\"EntryPoint\",\"urlTemplate\":\"https:\\\/\\\/mediagoras.fr\\\/lyon\\\/?s={search_term_string}\"},\"query-input\":{\"@type\":\"PropertyValueSpecification\",\"valueRequired\":true,\"valueName\":\"search_term_string\"}}],\"inLanguage\":\"fr-FR\"},{\"@type\":\"Person\",\"@id\":\"https:\\\/\\\/mediagoras.fr\\\/lyon\\\/#\\\/schema\\\/person\\\/1dfe3cb080ec8557c9f3738fde69ca18\",\"name\":\"maudf\",\"image\":{\"@type\":\"ImageObject\",\"inLanguage\":\"fr-FR\",\"@id\":\"https:\\\/\\\/secure.gravatar.com\\\/avatar\\\/f047f22e2c8aa08af19ddca8bb8b144de0d89e9a39c525d39c1645f235193a29?s=96&d=mm&r=g\",\"url\":\"https:\\\/\\\/secure.gravatar.com\\\/avatar\\\/f047f22e2c8aa08af19ddca8bb8b144de0d89e9a39c525d39c1645f235193a29?s=96&d=mm&r=g\",\"contentUrl\":\"https:\\\/\\\/secure.gravatar.com\\\/avatar\\\/f047f22e2c8aa08af19ddca8bb8b144de0d89e9a39c525d39c1645f235193a29?s=96&d=mm&r=g\",\"caption\":\"maudf\"}}]}<\/script>\n<!-- \/ Yoast SEO plugin. -->","yoast_head_json":{"title":"Participation \u00e0 la SISM 2010 - M\u00e9diagora Lyon","robots":{"index":"index","follow":"follow","max-snippet":"max-snippet:-1","max-image-preview":"max-image-preview:large","max-video-preview":"max-video-preview:-1"},"canonical":"https:\/\/mediagoras.fr\/lyon\/participation-a-la-sism-2010\/","og_locale":"fr_FR","og_type":"article","og_title":"Participation \u00e0 la SISM 2010 - M\u00e9diagora Lyon","og_description":"Participation de M\u00e9diagora Lyon \u00e0 la SISM 2010 Le mercredi 24 mars, notre association a particip\u00e9 \u00e0 la Semaine d&rsquo;Information sur la Sant\u00e9 Mentale (SISM) 2010. Une soir\u00e9e-information-d\u00e9bat s&rsquo;est d\u00e9roul\u00e9e le Mercredi 24 mars 2010 sur le th\u00e8me : \u00ab\u00a0Comment apprivoiser notre anxi\u00e9t\u00e9 et nos phobies ?\u00a0\u00bb (particuliers ou professionnels) Cette manifestation gratuite s&rsquo;est d\u00e9roul\u00e9e [&hellip;]","og_url":"https:\/\/mediagoras.fr\/lyon\/participation-a-la-sism-2010\/","og_site_name":"M\u00e9diagora Lyon","article_published_time":"2010-02-09T22:18:45+00:00","article_modified_time":"2015-08-25T15:14:32+00:00","author":"maudf","twitter_card":"summary_large_image","twitter_misc":{"\u00c9crit par":"maudf","Dur\u00e9e de lecture estim\u00e9e":"1 minute"},"schema":{"@context":"https:\/\/schema.org","@graph":[{"@type":"Article","@id":"https:\/\/mediagoras.fr\/lyon\/participation-a-la-sism-2010\/#article","isPartOf":{"@id":"https:\/\/mediagoras.fr\/lyon\/participation-a-la-sism-2010\/"},"author":{"name":"maudf","@id":"https:\/\/mediagoras.fr\/lyon\/#\/schema\/person\/1dfe3cb080ec8557c9f3738fde69ca18"},"headline":"Participation \u00e0 la SISM 2010","datePublished":"2010-02-09T22:18:45+00:00","dateModified":"2015-08-25T15:14:32+00:00","mainEntityOfPage":{"@id":"https:\/\/mediagoras.fr\/lyon\/participation-a-la-sism-2010\/"},"wordCount":232,"articleSection":["R\u00e9unions bi-mensuelles"],"inLanguage":"fr-FR"},{"@type":"WebPage","@id":"https:\/\/mediagoras.fr\/lyon\/participation-a-la-sism-2010\/","url":"https:\/\/mediagoras.fr\/lyon\/participation-a-la-sism-2010\/","name":"Participation \u00e0 la SISM 2010 - M\u00e9diagora Lyon","isPartOf":{"@id":"https:\/\/mediagoras.fr\/lyon\/#website"},"datePublished":"2010-02-09T22:18:45+00:00","dateModified":"2015-08-25T15:14:32+00:00","author":{"@id":"https:\/\/mediagoras.fr\/lyon\/#\/schema\/person\/1dfe3cb080ec8557c9f3738fde69ca18"},"breadcrumb":{"@id":"https:\/\/mediagoras.fr\/lyon\/participation-a-la-sism-2010\/#breadcrumb"},"inLanguage":"fr-FR","potentialAction":[{"@type":"ReadAction","target":["https:\/\/mediagoras.fr\/lyon\/participation-a-la-sism-2010\/"]}]},{"@type":"BreadcrumbList","@id":"https:\/\/mediagoras.fr\/lyon\/participation-a-la-sism-2010\/#breadcrumb","itemListElement":[{"@type":"ListItem","position":1,"name":"Accueil","item":"https:\/\/mediagoras.fr\/lyon\/"},{"@type":"ListItem","position":2,"name":"Participation \u00e0 la SISM 2010"}]},{"@type":"WebSite","@id":"https:\/\/mediagoras.fr\/lyon\/#website","url":"https:\/\/mediagoras.fr\/lyon\/","name":"M\u00e9diagora Lyon","description":"Il n&#039;est jamais trop tard pour prendre contact","potentialAction":[{"@type":"SearchAction","target":{"@type":"EntryPoint","urlTemplate":"https:\/\/mediagoras.fr\/lyon\/?s={search_term_string}"},"query-input":{"@type":"PropertyValueSpecification","valueRequired":true,"valueName":"search_term_string"}}],"inLanguage":"fr-FR"},{"@type":"Person","@id":"https:\/\/mediagoras.fr\/lyon\/#\/schema\/person\/1dfe3cb080ec8557c9f3738fde69ca18","name":"maudf","image":{"@type":"ImageObject","inLanguage":"fr-FR","@id":"https:\/\/secure.gravatar.com\/avatar\/f047f22e2c8aa08af19ddca8bb8b144de0d89e9a39c525d39c1645f235193a29?s=96&d=mm&r=g","url":"https:\/\/secure.gravatar.com\/avatar\/f047f22e2c8aa08af19ddca8bb8b144de0d89e9a39c525d39c1645f235193a29?s=96&d=mm&r=g","contentUrl":"https:\/\/secure.gravatar.com\/avatar\/f047f22e2c8aa08af19ddca8bb8b144de0d89e9a39c525d39c1645f235193a29?s=96&d=mm&r=g","caption":"maudf"}}]}},"_links":{"self":[{"href":"https:\/\/mediagoras.fr\/lyon\/wp-json\/wp\/v2\/posts\/461","targetHints":{"allow":["GET"]}}],"collection":[{"href":"https:\/\/mediagoras.fr\/lyon\/wp-json\/wp\/v2\/posts"}],"about":[{"href":"https:\/\/mediagoras.fr\/lyon\/wp-json\/wp\/v2\/types\/post"}],"author":[{"embeddable":true,"href":"https:\/\/mediagoras.fr\/lyon\/wp-json\/wp\/v2\/users\/24"}],"replies":[{"embeddable":true,"href":"https:\/\/mediagoras.fr\/lyon\/wp-json\/wp\/v2\/comments?post=461"}],"version-history":[{"count":3,"href":"https:\/\/mediagoras.fr\/lyon\/wp-json\/wp\/v2\/posts\/461\/revisions"}],"predecessor-version":[{"id":1674,"href":"https:\/\/mediagoras.fr\/lyon\/wp-json\/wp\/v2\/posts\/461\/revisions\/1674"}],"wp:attachment":[{"href":"https:\/\/mediagoras.fr\/lyon\/wp-json\/wp\/v2\/media?parent=461"}],"wp:term":[{"taxonomy":"category","embeddable":true,"href":"https:\/\/mediagoras.fr\/lyon\/wp-json\/wp\/v2\/categories?post=461"},{"taxonomy":"post_tag","embeddable":true,"href":"https:\/\/mediagoras.fr\/lyon\/wp-json\/wp\/v2\/tags?post=461"}],"curies":[{"name":"wp","href":"https:\/\/api.w.org\/{rel}","templated":true}]}}