{"id":807,"date":"2015-03-15T00:00:13","date_gmt":"2015-03-14T23:00:13","guid":{"rendered":"http:\/\/mediagoras.fr\/lyon\/?p=807"},"modified":"2015-03-16T21:25:07","modified_gmt":"2015-03-16T20:25:07","slug":"invitation","status":"publish","type":"post","link":"https:\/\/mediagoras.fr\/lyon\/invitation\/","title":{"rendered":"Invitation"},"content":{"rendered":"<p style=\"text-align: center\"><span style=\"font-family: helvetica\">Le Dr Fr\u00e9d\u00e9ric Fanget, pr\u00e9sident d&rsquo;honneur de notre association viendra donner une <a title=\"Description de la conf\u00e9rence\" href=\"http:\/\/sism69.fr\/2015\/02\/12\/me-liberer-de-ma-voix-critique-interieure\/\" target=\"_blank\"><strong>conf\u00e9rence gratuite<\/strong><\/a> dans le cadre de la <a title=\"site officiel de la SISM dans le Rh\u00f4ne\" href=\"http:\/\/sism69.fr\/\" target=\"_blank\">26e Semaine d&rsquo;Information sur la Sant\u00e9 Mentale (SISM).<\/a><\/span><\/p>\n<p style=\"text-align: center\"><span style=\"font-family: helvetica\">Vous pouvez voir l\u00e0 &#8212;&gt; <a title=\"Lieu alternatif\" href=\"https:\/\/mediagoras.fr\/lyon\/lieu-alternatif\/\">un plan d&rsquo;acc\u00e8s de ce local<\/a> &lt;&#8212; qui n&rsquo;est <strong>pas<\/strong> notre local habituel d&rsquo;Oullins.<br \/>\n<\/span><\/p>\n<p><span style=\"font-family: helvetica\">\u00a0<\/span><\/p>\n<p style=\"text-align: center\">Attention,\u00a0<span style=\"font-size: x-large;color: #ff0000\">les derniers inscrits, \u00e0 partir du lundi 16 mars , 18hoo, seront sur liste d&rsquo;attente ! Nous ne pouvons vous garantir de nouvelles places, la capacit\u00e9 de la salle \u00e9tant atteinte. \u00a0<\/span>N&rsquo;h\u00e9sitez pas cependant \u00e0 nous t\u00e9l\u00e9phoner au <strong><span style=\"text-decoration: underline\">06. 51. 69. 16.52<\/span>\u00a0<\/strong> jusqu&rsquo;au mardi 17 mars, 18h00.\u00a0 <span style=\"color: #ff0000;font-size: large\"><strong><br \/>\n<\/strong><\/span><\/p>\n\n<div class=\"wpcf7 no-js\" id=\"wpcf7-f1569-o1\" lang=\"en-US\" dir=\"ltr\" data-wpcf7-id=\"1569\">\n<div class=\"screen-reader-response\"><p role=\"status\" aria-live=\"polite\" aria-atomic=\"true\"><\/p> <ul><\/ul><\/div>\n<form action=\"\/lyon\/wp-json\/wp\/v2\/posts\/807#wpcf7-f1569-o1\" method=\"post\" class=\"wpcf7-form init\" aria-label=\"Contact form\" novalidate=\"novalidate\" data-status=\"init\">\n<fieldset class=\"hidden-fields-container\"><input type=\"hidden\" name=\"_wpcf7\" value=\"1569\" \/><input type=\"hidden\" name=\"_wpcf7_version\" value=\"6.1.5\" \/><input type=\"hidden\" name=\"_wpcf7_locale\" value=\"en_US\" \/><input type=\"hidden\" name=\"_wpcf7_unit_tag\" value=\"wpcf7-f1569-o1\" \/><input type=\"hidden\" name=\"_wpcf7_container_post\" value=\"0\" \/><input type=\"hidden\" name=\"_wpcf7_posted_data_hash\" value=\"\" \/><input type=\"hidden\" name=\"_wpcf7_recaptcha_response\" value=\"\" \/>\n<\/fieldset>\n<p>Politesse : <span class=\"wpcf7-form-control-wrap\" data-name=\"genre\"><select class=\"wpcf7-form-control wpcf7-select\" aria-invalid=\"false\" name=\"genre\"><option value=\"\">&#8212;Please choose an option&#8212;<\/option><option value=\"Mme\">Mme<\/option><option value=\"Mlle\">Mlle<\/option><option value=\"Mr\">Mr<\/option><\/select><\/span>\n<\/p>\n<p>Votre nom : <span class=\"wpcf7-form-control-wrap\" data-name=\"nom\"><input size=\"40\" maxlength=\"400\" class=\"wpcf7-form-control wpcf7-text\" aria-invalid=\"false\" value=\"\" type=\"text\" name=\"nom\" \/><\/span>\n<\/p>\n<p>Votre pr\u00e9nom* : <span class=\"wpcf7-form-control-wrap\" data-name=\"prenom\"><input size=\"40\" maxlength=\"400\" class=\"wpcf7-form-control wpcf7-text wpcf7-validates-as-required\" aria-required=\"true\" aria-invalid=\"false\" value=\"\" type=\"text\" name=\"prenom\" \/><\/span>\n<\/p>\n<p>Votre adresse de courriel* :\n<\/p>\n<p><span class=\"wpcf7-form-control-wrap\" data-name=\"courriel\"><input size=\"40\" maxlength=\"400\" class=\"wpcf7-form-control wpcf7-email wpcf7-validates-as-required wpcf7-text wpcf7-validates-as-email\" aria-required=\"true\" aria-invalid=\"false\" value=\"\" type=\"email\" name=\"courriel\" \/><\/span>\n<\/p>\n<p>Votre t\u00e9l\u00e9phone : <span class=\"wpcf7-form-control-wrap\" data-name=\"tel\"><input size=\"40\" maxlength=\"400\" class=\"wpcf7-form-control wpcf7-text\" aria-invalid=\"false\" value=\"\" type=\"text\" name=\"tel\" \/><\/span>\n<\/p>\n<p>Inscription\/d\u00e9sinscription : <span class=\"wpcf7-form-control-wrap\" data-name=\"inscrip\"><select class=\"wpcf7-form-control wpcf7-select\" aria-invalid=\"false\" name=\"inscrip\"><option value=\"venir aux Portes Ouvertes du 11-10\">venir aux Portes Ouvertes du 11-10<\/option><option value=\"ne plus venir\">ne plus venir<\/option><\/select><\/span>\n<\/p>\n<p>Accompagnement* : <span class=\"wpcf7-form-control-wrap\" data-name=\"typeparticip\"><select class=\"wpcf7-form-control wpcf7-select wpcf7-validates-as-required\" aria-required=\"true\" aria-invalid=\"false\" name=\"typeparticip\"><option value=\"\">&#8212;Please choose an option&#8212;<\/option><option value=\"Seul(e)\">Seul(e)<\/option><option value=\"Accompagn\u00e9(e) d&#039;une personne\">Accompagn\u00e9(e) d&#039;une personne<\/option><option value=\"Accompagn\u00e9(e) de 2 personnes\">Accompagn\u00e9(e) de 2 personnes<\/option><option value=\"Accompagn\u00e9(e) de 3 personne\">Accompagn\u00e9(e) de 3 personne<\/option><option value=\"Nombre d&#039;accompagnants pr\u00e9cis\u00e9 ci-dessous\">Nombre d&#039;accompagnants pr\u00e9cis\u00e9 ci-dessous<\/option><\/select><\/span>\n<\/p>\n<p>Votre message (optionnel) :\n<\/p>\n<p><span class=\"wpcf7-form-control-wrap\" data-name=\"your-message\"><textarea cols=\"40\" rows=\"10\" maxlength=\"2000\" class=\"wpcf7-form-control wpcf7-textarea\" aria-invalid=\"false\" name=\"your-message\"><\/textarea><\/span>\n<\/p>\n<p><input class=\"wpcf7-form-control wpcf7-submit has-spinner\" type=\"submit\" value=\"Envoyer\" \/>\n<\/p>\n<p>Version 1.0\n<\/p><p style=\"display: none !important;\" class=\"akismet-fields-container\" data-prefix=\"_wpcf7_ak_\"><label>&#916;<textarea name=\"_wpcf7_ak_hp_textarea\" cols=\"45\" rows=\"8\" maxlength=\"100\"><\/textarea><\/label><input type=\"hidden\" id=\"ak_js_1\" name=\"_wpcf7_ak_js\" value=\"15\"\/><script type=\"text\/javascript\">\n\/* <![CDATA[ *\/\ndocument.getElementById( \"ak_js_1\" ).setAttribute( \"value\", ( new Date() ).getTime() );\n\/* ]]> *\/\n<\/script>\n<\/p><div class=\"wpcf7-response-output\" aria-hidden=\"true\"><\/div>\n<\/form>\n<\/div>\n\n<p>&nbsp;<\/p>\n","protected":false},"excerpt":{"rendered":"<p>Le Dr Fr\u00e9d\u00e9ric Fanget, pr\u00e9sident d&rsquo;honneur de notre association viendra donner une conf\u00e9rence gratuite dans le cadre de la 26e Semaine d&rsquo;Information sur la Sant\u00e9 Mentale (SISM). Vous pouvez voir l\u00e0 &#8212;&gt; un plan d&rsquo;acc\u00e8s de ce local &lt;&#8212; qui n&rsquo;est pas notre local habituel d&rsquo;Oullins. \u00a0 Attention,\u00a0les derniers inscrits, \u00e0 partir du lundi 16 [&hellip;]<\/p>\n","protected":false},"author":24,"featured_media":0,"comment_status":"closed","ping_status":"closed","sticky":false,"template":"","format":"standard","meta":{"_et_pb_use_builder":"","_et_pb_old_content":"","_et_gb_content_width":"","footnotes":""},"categories":[1],"tags":[],"class_list":["post-807","post","type-post","status-publish","format-standard","hentry","category-non-classe"],"yoast_head":"<!-- This site is optimized with the Yoast SEO plugin v27.5 - https:\/\/yoast.com\/product\/yoast-seo-wordpress\/ -->\n<title>Invitation - M\u00e9diagora Lyon<\/title>\n<meta name=\"robots\" content=\"index, follow, max-snippet:-1, max-image-preview:large, max-video-preview:-1\" \/>\n<link rel=\"canonical\" href=\"https:\/\/mediagoras.fr\/lyon\/invitation\/\" \/>\n<meta property=\"og:locale\" content=\"fr_FR\" \/>\n<meta property=\"og:type\" content=\"article\" \/>\n<meta property=\"og:title\" content=\"Invitation - M\u00e9diagora Lyon\" \/>\n<meta property=\"og:description\" content=\"Le Dr Fr\u00e9d\u00e9ric Fanget, pr\u00e9sident d&rsquo;honneur de notre association viendra donner une conf\u00e9rence gratuite dans le cadre de la 26e Semaine d&rsquo;Information sur la Sant\u00e9 Mentale (SISM). Vous pouvez voir l\u00e0 &#8212;&gt; un plan d&rsquo;acc\u00e8s de ce local &lt;&#8212; qui n&rsquo;est pas notre local habituel d&rsquo;Oullins. \u00a0 Attention,\u00a0les derniers inscrits, \u00e0 partir du lundi 16 [&hellip;]\" \/>\n<meta property=\"og:url\" content=\"https:\/\/mediagoras.fr\/lyon\/invitation\/\" \/>\n<meta property=\"og:site_name\" content=\"M\u00e9diagora Lyon\" \/>\n<meta property=\"article:published_time\" content=\"2015-03-14T23:00:13+00:00\" \/>\n<meta property=\"article:modified_time\" content=\"2015-03-16T20:25:07+00:00\" \/>\n<meta name=\"author\" content=\"maudf\" \/>\n<meta name=\"twitter:card\" content=\"summary_large_image\" \/>\n<meta name=\"twitter:label1\" content=\"\u00c9crit par\" \/>\n\t<meta name=\"twitter:data1\" content=\"maudf\" \/>\n<script type=\"application\/ld+json\" class=\"yoast-schema-graph\">{\"@context\":\"https:\\\/\\\/schema.org\",\"@graph\":[{\"@type\":\"Article\",\"@id\":\"https:\\\/\\\/mediagoras.fr\\\/lyon\\\/invitation\\\/#article\",\"isPartOf\":{\"@id\":\"https:\\\/\\\/mediagoras.fr\\\/lyon\\\/invitation\\\/\"},\"author\":{\"name\":\"maudf\",\"@id\":\"https:\\\/\\\/mediagoras.fr\\\/lyon\\\/#\\\/schema\\\/person\\\/1dfe3cb080ec8557c9f3738fde69ca18\"},\"headline\":\"Invitation\",\"datePublished\":\"2015-03-14T23:00:13+00:00\",\"dateModified\":\"2015-03-16T20:25:07+00:00\",\"mainEntityOfPage\":{\"@id\":\"https:\\\/\\\/mediagoras.fr\\\/lyon\\\/invitation\\\/\"},\"wordCount\":108,\"articleSection\":[\"Inclassables\"],\"inLanguage\":\"fr-FR\"},{\"@type\":\"WebPage\",\"@id\":\"https:\\\/\\\/mediagoras.fr\\\/lyon\\\/invitation\\\/\",\"url\":\"https:\\\/\\\/mediagoras.fr\\\/lyon\\\/invitation\\\/\",\"name\":\"Invitation - M\u00e9diagora Lyon\",\"isPartOf\":{\"@id\":\"https:\\\/\\\/mediagoras.fr\\\/lyon\\\/#website\"},\"datePublished\":\"2015-03-14T23:00:13+00:00\",\"dateModified\":\"2015-03-16T20:25:07+00:00\",\"author\":{\"@id\":\"https:\\\/\\\/mediagoras.fr\\\/lyon\\\/#\\\/schema\\\/person\\\/1dfe3cb080ec8557c9f3738fde69ca18\"},\"breadcrumb\":{\"@id\":\"https:\\\/\\\/mediagoras.fr\\\/lyon\\\/invitation\\\/#breadcrumb\"},\"inLanguage\":\"fr-FR\",\"potentialAction\":[{\"@type\":\"ReadAction\",\"target\":[\"https:\\\/\\\/mediagoras.fr\\\/lyon\\\/invitation\\\/\"]}]},{\"@type\":\"BreadcrumbList\",\"@id\":\"https:\\\/\\\/mediagoras.fr\\\/lyon\\\/invitation\\\/#breadcrumb\",\"itemListElement\":[{\"@type\":\"ListItem\",\"position\":1,\"name\":\"Accueil\",\"item\":\"https:\\\/\\\/mediagoras.fr\\\/lyon\\\/\"},{\"@type\":\"ListItem\",\"position\":2,\"name\":\"Invitation\"}]},{\"@type\":\"WebSite\",\"@id\":\"https:\\\/\\\/mediagoras.fr\\\/lyon\\\/#website\",\"url\":\"https:\\\/\\\/mediagoras.fr\\\/lyon\\\/\",\"name\":\"M\u00e9diagora Lyon\",\"description\":\"Il n&#039;est jamais trop tard pour prendre contact\",\"potentialAction\":[{\"@type\":\"SearchAction\",\"target\":{\"@type\":\"EntryPoint\",\"urlTemplate\":\"https:\\\/\\\/mediagoras.fr\\\/lyon\\\/?s={search_term_string}\"},\"query-input\":{\"@type\":\"PropertyValueSpecification\",\"valueRequired\":true,\"valueName\":\"search_term_string\"}}],\"inLanguage\":\"fr-FR\"},{\"@type\":\"Person\",\"@id\":\"https:\\\/\\\/mediagoras.fr\\\/lyon\\\/#\\\/schema\\\/person\\\/1dfe3cb080ec8557c9f3738fde69ca18\",\"name\":\"maudf\",\"image\":{\"@type\":\"ImageObject\",\"inLanguage\":\"fr-FR\",\"@id\":\"https:\\\/\\\/secure.gravatar.com\\\/avatar\\\/f047f22e2c8aa08af19ddca8bb8b144de0d89e9a39c525d39c1645f235193a29?s=96&d=mm&r=g\",\"url\":\"https:\\\/\\\/secure.gravatar.com\\\/avatar\\\/f047f22e2c8aa08af19ddca8bb8b144de0d89e9a39c525d39c1645f235193a29?s=96&d=mm&r=g\",\"contentUrl\":\"https:\\\/\\\/secure.gravatar.com\\\/avatar\\\/f047f22e2c8aa08af19ddca8bb8b144de0d89e9a39c525d39c1645f235193a29?s=96&d=mm&r=g\",\"caption\":\"maudf\"}}]}<\/script>\n<!-- \/ Yoast SEO plugin. -->","yoast_head_json":{"title":"Invitation - M\u00e9diagora Lyon","robots":{"index":"index","follow":"follow","max-snippet":"max-snippet:-1","max-image-preview":"max-image-preview:large","max-video-preview":"max-video-preview:-1"},"canonical":"https:\/\/mediagoras.fr\/lyon\/invitation\/","og_locale":"fr_FR","og_type":"article","og_title":"Invitation - M\u00e9diagora Lyon","og_description":"Le Dr Fr\u00e9d\u00e9ric Fanget, pr\u00e9sident d&rsquo;honneur de notre association viendra donner une conf\u00e9rence gratuite dans le cadre de la 26e Semaine d&rsquo;Information sur la Sant\u00e9 Mentale (SISM). Vous pouvez voir l\u00e0 &#8212;&gt; un plan d&rsquo;acc\u00e8s de ce local &lt;&#8212; qui n&rsquo;est pas notre local habituel d&rsquo;Oullins. \u00a0 Attention,\u00a0les derniers inscrits, \u00e0 partir du lundi 16 [&hellip;]","og_url":"https:\/\/mediagoras.fr\/lyon\/invitation\/","og_site_name":"M\u00e9diagora Lyon","article_published_time":"2015-03-14T23:00:13+00:00","article_modified_time":"2015-03-16T20:25:07+00:00","author":"maudf","twitter_card":"summary_large_image","twitter_misc":{"\u00c9crit par":"maudf"},"schema":{"@context":"https:\/\/schema.org","@graph":[{"@type":"Article","@id":"https:\/\/mediagoras.fr\/lyon\/invitation\/#article","isPartOf":{"@id":"https:\/\/mediagoras.fr\/lyon\/invitation\/"},"author":{"name":"maudf","@id":"https:\/\/mediagoras.fr\/lyon\/#\/schema\/person\/1dfe3cb080ec8557c9f3738fde69ca18"},"headline":"Invitation","datePublished":"2015-03-14T23:00:13+00:00","dateModified":"2015-03-16T20:25:07+00:00","mainEntityOfPage":{"@id":"https:\/\/mediagoras.fr\/lyon\/invitation\/"},"wordCount":108,"articleSection":["Inclassables"],"inLanguage":"fr-FR"},{"@type":"WebPage","@id":"https:\/\/mediagoras.fr\/lyon\/invitation\/","url":"https:\/\/mediagoras.fr\/lyon\/invitation\/","name":"Invitation - M\u00e9diagora Lyon","isPartOf":{"@id":"https:\/\/mediagoras.fr\/lyon\/#website"},"datePublished":"2015-03-14T23:00:13+00:00","dateModified":"2015-03-16T20:25:07+00:00","author":{"@id":"https:\/\/mediagoras.fr\/lyon\/#\/schema\/person\/1dfe3cb080ec8557c9f3738fde69ca18"},"breadcrumb":{"@id":"https:\/\/mediagoras.fr\/lyon\/invitation\/#breadcrumb"},"inLanguage":"fr-FR","potentialAction":[{"@type":"ReadAction","target":["https:\/\/mediagoras.fr\/lyon\/invitation\/"]}]},{"@type":"BreadcrumbList","@id":"https:\/\/mediagoras.fr\/lyon\/invitation\/#breadcrumb","itemListElement":[{"@type":"ListItem","position":1,"name":"Accueil","item":"https:\/\/mediagoras.fr\/lyon\/"},{"@type":"ListItem","position":2,"name":"Invitation"}]},{"@type":"WebSite","@id":"https:\/\/mediagoras.fr\/lyon\/#website","url":"https:\/\/mediagoras.fr\/lyon\/","name":"M\u00e9diagora Lyon","description":"Il n&#039;est jamais trop tard pour prendre contact","potentialAction":[{"@type":"SearchAction","target":{"@type":"EntryPoint","urlTemplate":"https:\/\/mediagoras.fr\/lyon\/?s={search_term_string}"},"query-input":{"@type":"PropertyValueSpecification","valueRequired":true,"valueName":"search_term_string"}}],"inLanguage":"fr-FR"},{"@type":"Person","@id":"https:\/\/mediagoras.fr\/lyon\/#\/schema\/person\/1dfe3cb080ec8557c9f3738fde69ca18","name":"maudf","image":{"@type":"ImageObject","inLanguage":"fr-FR","@id":"https:\/\/secure.gravatar.com\/avatar\/f047f22e2c8aa08af19ddca8bb8b144de0d89e9a39c525d39c1645f235193a29?s=96&d=mm&r=g","url":"https:\/\/secure.gravatar.com\/avatar\/f047f22e2c8aa08af19ddca8bb8b144de0d89e9a39c525d39c1645f235193a29?s=96&d=mm&r=g","contentUrl":"https:\/\/secure.gravatar.com\/avatar\/f047f22e2c8aa08af19ddca8bb8b144de0d89e9a39c525d39c1645f235193a29?s=96&d=mm&r=g","caption":"maudf"}}]}},"_links":{"self":[{"href":"https:\/\/mediagoras.fr\/lyon\/wp-json\/wp\/v2\/posts\/807","targetHints":{"allow":["GET"]}}],"collection":[{"href":"https:\/\/mediagoras.fr\/lyon\/wp-json\/wp\/v2\/posts"}],"about":[{"href":"https:\/\/mediagoras.fr\/lyon\/wp-json\/wp\/v2\/types\/post"}],"author":[{"embeddable":true,"href":"https:\/\/mediagoras.fr\/lyon\/wp-json\/wp\/v2\/users\/24"}],"replies":[{"embeddable":true,"href":"https:\/\/mediagoras.fr\/lyon\/wp-json\/wp\/v2\/comments?post=807"}],"version-history":[{"count":49,"href":"https:\/\/mediagoras.fr\/lyon\/wp-json\/wp\/v2\/posts\/807\/revisions"}],"predecessor-version":[{"id":1566,"href":"https:\/\/mediagoras.fr\/lyon\/wp-json\/wp\/v2\/posts\/807\/revisions\/1566"}],"wp:attachment":[{"href":"https:\/\/mediagoras.fr\/lyon\/wp-json\/wp\/v2\/media?parent=807"}],"wp:term":[{"taxonomy":"category","embeddable":true,"href":"https:\/\/mediagoras.fr\/lyon\/wp-json\/wp\/v2\/categories?post=807"},{"taxonomy":"post_tag","embeddable":true,"href":"https:\/\/mediagoras.fr\/lyon\/wp-json\/wp\/v2\/tags?post=807"}],"curies":[{"name":"wp","href":"https:\/\/api.w.org\/{rel}","templated":true}]}}